{"id":4947,"date":"2026-04-29T06:17:17","date_gmt":"2026-04-29T09:17:17","guid":{"rendered":"https:\/\/vagas.portalemprego.com.br\/?p=4947"},"modified":"2026-04-29T06:17:17","modified_gmt":"2026-04-29T09:17:17","slug":"auxiliar-de-servicos-gerais-servicos-gerais-rio-de-janeiro-68","status":"publish","type":"post","link":"https:\/\/vagas.portalemprego.com.br\/?p=4947","title":{"rendered":"Auxiliar de Servi\u00e7os Gerais &#8211; Servi\u00e7os Gerais &#8211; Rio de Janeiro"},"content":{"rendered":"<p>Estamos em busca de um Auxiliar de Servi\u00e7os Gerais para se juntar ao nosso time. Este \u00e9 um papel fundamental para garantir que nosso ambiente de trabalho permane\u00e7a limpo, organizado e funcional. Como Auxiliar de Servi\u00e7os Gerais, voc\u00ea ser\u00e1 respons\u00e1vel por uma variedade de tarefas essenciais que contribuem para a manuten\u00e7\u00e3o da limpeza e organiza\u00e7\u00e3o do espa\u00e7o de trabalho.<br \/>\nSua rotina di\u00e1ria incluir\u00e1 limpeza geral, higieniza\u00e7\u00e3o de \u00e1reas comuns, conserva\u00e7\u00e3o dos ambientes, e aux\u00edlio em outras tarefas atribu\u00eddas pela administra\u00e7\u00e3o em rela\u00e7\u00e3o a limpeza e manuten\u00e7\u00e3o. \u00c9 importante que voc\u00ea tenha um forte senso de responsabilidade e aten\u00e7\u00e3o aos detalhes, pois sua contribui\u00e7\u00e3o direta impacta na satisfa\u00e7\u00e3o dos colaboradores e na imagem da empresa.<br \/>\nPara este cargo, buscamos algu\u00e9m com experi\u00eancia em limpeza e organiza\u00e7\u00e3o, com boa capacidade de trabalho em equipe e com uma atitude positiva e proativa. \u00c9 essencial que voc\u00ea demonstre comprometimento com a qualidade do trabalho e que tenha habilidades b\u00e1sicas de organiza\u00e7\u00e3o e planejamento.<br \/>\nSe voc\u00ea \u00e9 uma pessoa organizada, respons\u00e1vel e tem interesse em contribuir para um ambiente de trabalho limpo e agrad\u00e1vel, esta oportunidade pode ser perfeita para voc\u00ea. Estamos procurando algu\u00e9m que possa se adaptar \u00e0s necessidades da empresa e que esteja disposto a aprender e crescer dentro do ambiente de trabalho.<br \/>\nJunte-se a n\u00f3s e fa\u00e7a parte de uma equipe dedicada a manter um espa\u00e7o de trabalho limpo e acolhedor para todos. Se voc\u00ea se identifica com esses requisitos e est\u00e1 interessado em contribuir para um ambiente de trabalho positivo, esta \u00e9 uma chance \u00fanica de se destacar.<\/p>\n<ul>\n<li>Local de trabalho: Rio de Janeiro, RJ<\/li>\n<li>Regime de contrata\u00e7\u00e3o de tipo: Efetivo \u2013 CLT<\/li>\n<li>Jornada: Per\u00edodo Integral<\/li>\n<li>\u00c1rea e especializa\u00e7\u00e3o profissional: Servi\u00e7os Gerais &#8211; Limpeza<\/li>\n<li>N\u00edvel hier\u00e1rquico: Auxiliar<\/li>\n<\/ul>\n<p>Escolaridade M\u00ednima: Ensino Fundamental (1\u00ba grau)<\/p>\n<p>Sal\u00e1rio: 1600,0<\/p>\n","protected":false},"excerpt":{"rendered":"<p>Estamos em busca de um Auxiliar de Servi\u00e7os Gerais para se juntar ao nosso time. Este \u00e9 um papel fundamental para garantir que nosso ambiente de trabalho permane\u00e7a limpo, organizado e funcional. Como Auxiliar de Servi\u00e7os Gerais, voc\u00ea ser\u00e1 respons\u00e1vel por uma variedade de tarefas essenciais que contribuem para a manuten\u00e7\u00e3o da limpeza e organiza\u00e7\u00e3o [&hellip;]<\/p>\n","protected":false},"author":1,"featured_media":0,"comment_status":"open","ping_status":"open","sticky":false,"template":"","format":"standard","meta":{"footnotes":""},"categories":[21],"tags":[],"class_list":["post-4947","post","type-post","status-publish","format-standard","hentry","category-rio-de-janeiro-rj"],"_links":{"self":[{"href":"https:\/\/vagas.portalemprego.com.br\/index.php?rest_route=\/wp\/v2\/posts\/4947","targetHints":{"allow":["GET"]}}],"collection":[{"href":"https:\/\/vagas.portalemprego.com.br\/index.php?rest_route=\/wp\/v2\/posts"}],"about":[{"href":"https:\/\/vagas.portalemprego.com.br\/index.php?rest_route=\/wp\/v2\/types\/post"}],"author":[{"embeddable":true,"href":"https:\/\/vagas.portalemprego.com.br\/index.php?rest_route=\/wp\/v2\/users\/1"}],"replies":[{"embeddable":true,"href":"https:\/\/vagas.portalemprego.com.br\/index.php?rest_route=%2Fwp%2Fv2%2Fcomments&post=4947"}],"version-history":[{"count":0,"href":"https:\/\/vagas.portalemprego.com.br\/index.php?rest_route=\/wp\/v2\/posts\/4947\/revisions"}],"wp:attachment":[{"href":"https:\/\/vagas.portalemprego.com.br\/index.php?rest_route=%2Fwp%2Fv2%2Fmedia&parent=4947"}],"wp:term":[{"taxonomy":"category","embeddable":true,"href":"https:\/\/vagas.portalemprego.com.br\/index.php?rest_route=%2Fwp%2Fv2%2Fcategories&post=4947"},{"taxonomy":"post_tag","embeddable":true,"href":"https:\/\/vagas.portalemprego.com.br\/index.php?rest_route=%2Fwp%2Fv2%2Ftags&post=4947"}],"curies":[{"name":"wp","href":"https:\/\/api.w.org\/{rel}","templated":true}]}}