{"id":4950,"date":"2026-04-29T06:17:17","date_gmt":"2026-04-29T09:17:17","guid":{"rendered":"https:\/\/vagas.portalemprego.com.br\/?p=4950"},"modified":"2026-04-29T06:17:17","modified_gmt":"2026-04-29T09:17:17","slug":"auxiliar-de-cozinha-alimentacao-gastronomia-rio-de-janeiro-31","status":"publish","type":"post","link":"https:\/\/vagas.portalemprego.com.br\/?p=4950","title":{"rendered":"Auxiliar de Cozinha &#8211; Alimenta\u00e7\u00e3o \/ Gastronomia &#8211; Rio de Janeiro"},"content":{"rendered":"<p>Na ASA A\u00e7a\u00ed, cada produto \u00e9 feito com carinho e respeito pela natureza. Nosso prop\u00f3sito \u00e9 levar o melhor do a\u00e7a\u00ed e dos superalimentos da floresta aos lares brasileiros, com sabor, energia e consci\u00eancia ambiental.<br \/>\nBuscamos um(a) Auxiliar de Cozinha que queira fazer parte dessa jornada, contribuindo para o preparo dos nossos produtos e garantindo que cada etapa seja feita com cuidado, frescor e qualidade.<br \/>\nAqui, valorizamos quem tem aten\u00e7\u00e3o aos detalhes, gosta de trabalhar em equipe e acredita que uma alimenta\u00e7\u00e3o saud\u00e1vel e sustent\u00e1vel come\u00e7a com boas m\u00e3os e boas inten\u00e7\u00f5es.<br \/>\nSe voc\u00ea se identifica com esse prop\u00f3sito e quer crescer junto de uma marca que cuida do que faz, vem fazer parte do nosso time! ??<br \/>\n* Responsabilidades e atribui\u00e7\u00f5es:<br \/>\nApoiar o time na pr\u00e9-produ\u00e7\u00e3o e preparo dos alimentos, garantindo padr\u00e3o e qualidade;<br \/>\nManter a organiza\u00e7\u00e3o e limpeza da cozinha, respeitando as normas de higiene e seguran\u00e7a alimentar;<br \/>\nRealizar o corte, porcionamento e armazenamento dos ingredientes conforme orienta\u00e7\u00f5es;<br \/>\nAuxiliar no controle de insumos e desperd\u00edcios, contribuindo para um processo mais sustent\u00e1vel;<br \/>\nSeguir os procedimentos e boas pr\u00e1ticas estabelecidos pela marca.<\/p>\n<p>* Requisitos e qualifica\u00e7\u00f5es:<br \/>\nEnsino m\u00e9dio completo;<br \/>\nExperi\u00eancia anterior em cozinha, produ\u00e7\u00e3o de alimentos ou \u00e1reas similares ser\u00e1 um diferencial;<br \/>\nDisponibilidade para atuar em escala 6&#215;1, das 14:10h \u00e0s 22:30h;<br \/>\nSer uma pessoa organizada, colaborativa e com vontade de aprender;<br \/>\nIdentifica\u00e7\u00e3o com o prop\u00f3sito da ASA A\u00e7a\u00ed de promover alimenta\u00e7\u00e3o saud\u00e1vel e sustent\u00e1vel<br \/>\nRemunera\u00e7\u00e3o (1.801,00) + Bonifa\u00e7\u00e3o de acordo com o batimento de metas.<\/p>\n<ul>\n<li>Local de trabalho: Rio de Janeiro, RJ<\/li>\n<li>Regime de contrata\u00e7\u00e3o de tipo: Efetivo \u2013 CLT<\/li>\n<li>Jornada: Per\u00edodo Integral<\/li>\n<li>\u00c1rea e especializa\u00e7\u00e3o profissional: Alimenta\u00e7\u00e3o \/ Gastronomia &#8211; Cozinha<\/li>\n<li>N\u00edvel hier\u00e1rquico: Auxiliar<\/li>\n<\/ul>\n<p>VALORIZADO<\/p>\n<p>Tempo de experi\u00eancia: Entre 1 e 3 anos<\/p>\n<p>Escolaridade M\u00ednima: Ensino M\u00e9dio (2\u00ba Grau)<\/p>\n","protected":false},"excerpt":{"rendered":"<p>Na ASA A\u00e7a\u00ed, cada produto \u00e9 feito com carinho e respeito pela natureza. Nosso prop\u00f3sito \u00e9 levar o melhor do a\u00e7a\u00ed e dos superalimentos da floresta aos lares brasileiros, com sabor, energia e consci\u00eancia ambiental. Buscamos um(a) Auxiliar de Cozinha que queira fazer parte dessa jornada, contribuindo para o preparo dos nossos produtos e garantindo [&hellip;]<\/p>\n","protected":false},"author":1,"featured_media":0,"comment_status":"open","ping_status":"open","sticky":false,"template":"","format":"standard","meta":{"footnotes":""},"categories":[21],"tags":[],"class_list":["post-4950","post","type-post","status-publish","format-standard","hentry","category-rio-de-janeiro-rj"],"_links":{"self":[{"href":"https:\/\/vagas.portalemprego.com.br\/index.php?rest_route=\/wp\/v2\/posts\/4950","targetHints":{"allow":["GET"]}}],"collection":[{"href":"https:\/\/vagas.portalemprego.com.br\/index.php?rest_route=\/wp\/v2\/posts"}],"about":[{"href":"https:\/\/vagas.portalemprego.com.br\/index.php?rest_route=\/wp\/v2\/types\/post"}],"author":[{"embeddable":true,"href":"https:\/\/vagas.portalemprego.com.br\/index.php?rest_route=\/wp\/v2\/users\/1"}],"replies":[{"embeddable":true,"href":"https:\/\/vagas.portalemprego.com.br\/index.php?rest_route=%2Fwp%2Fv2%2Fcomments&post=4950"}],"version-history":[{"count":0,"href":"https:\/\/vagas.portalemprego.com.br\/index.php?rest_route=\/wp\/v2\/posts\/4950\/revisions"}],"wp:attachment":[{"href":"https:\/\/vagas.portalemprego.com.br\/index.php?rest_route=%2Fwp%2Fv2%2Fmedia&parent=4950"}],"wp:term":[{"taxonomy":"category","embeddable":true,"href":"https:\/\/vagas.portalemprego.com.br\/index.php?rest_route=%2Fwp%2Fv2%2Fcategories&post=4950"},{"taxonomy":"post_tag","embeddable":true,"href":"https:\/\/vagas.portalemprego.com.br\/index.php?rest_route=%2Fwp%2Fv2%2Ftags&post=4950"}],"curies":[{"name":"wp","href":"https:\/\/api.w.org\/{rel}","templated":true}]}}