{"id":4953,"date":"2026-04-29T06:17:17","date_gmt":"2026-04-29T09:17:17","guid":{"rendered":"https:\/\/vagas.portalemprego.com.br\/?p=4953"},"modified":"2026-04-29T06:17:17","modified_gmt":"2026-04-29T09:17:17","slug":"assistente-de-recursos-humanos-recursos-humanos-rio-de-janeiro-2","status":"publish","type":"post","link":"https:\/\/vagas.portalemprego.com.br\/?p=4953","title":{"rendered":"Assistente de Recursos Humanos &#8211; Recursos Humanos &#8211; Rio de Janeiro"},"content":{"rendered":"<p>Recrutamento e Sele\u00e7\u00e3o: Apoio na triagem de curr\u00edculos, agendamento de entrevistas.<br \/>\nMonitoramento de Treinamentos: Organiza\u00e7\u00e3o de programas de capacita\u00e7\u00e3o, controle de presen\u00e7a e avalia\u00e7\u00e3o de resultados;<br \/>\nGest\u00e3o de Desempenho: Avaliar o desempenho dos funcion\u00e1rios e oferecer feedback construtivo, alinhando expectativas com os objetivos da empresa e incentivando o desenvolvimento profissional;<br \/>\nClima Organizacional: Promover um ambiente de trabalho positivo, motivador e inclusivo, atuando na preven\u00e7\u00e3o e gest\u00e3o de conflitos e fortalecendo a harmonia entre as equipes;<br \/>\nCultura Organizacional: Trabalhar para construir e manter uma cultura s\u00f3lida, que atraia, engaje e retenha talentos, alinhando os valores individuais aos valores corporativos;<br \/>\nSa\u00fade, Seguran\u00e7a e Bem-Estar: Garantir um ambiente seguro, saud\u00e1vel e equilibrado, promovendo a\u00e7\u00f5es de qualidade de vida e apoio psicol\u00f3gico quando necess\u00e1rio;<br \/>\nFerramentas de Feedback: Aplicar e acompanhar m\u00e9todos de feedback cont\u00ednuo e pesquisas de clima para aprimorar o relacionamento interno e o desempenho das equipes;<br \/>\nRotinas Administrativas: Apoiar em processos admissionais, controle de documentos, atualiza\u00e7\u00e3o de planilhas e sistemas internos de RH. Gradua\u00e7\u00e3o completa ou em curso: Recursos Humanos, Psicologia, Administra\u00e7\u00e3o ou \u00e1reas correlata;<br \/>\nExperi\u00eancia nas \u00e1reas citadas<br \/>\nConhecimento plataformas de Avalia\u00e7\u00e3o de Desempenho e Indicadores de RH<br \/>\nPacote Office<\/p>\n<ul>\n<li>Local de trabalho: Rio de Janeiro, RJ<\/li>\n<li>Regime de contrata\u00e7\u00e3o de tipo: Efetivo \u2013 CLT<\/li>\n<li>Jornada: Per\u00edodo Integral<\/li>\n<li>\u00c1rea e especializa\u00e7\u00e3o profissional: Recursos Humanos &#8211; Departamento Pessoal<\/li>\n<li>N\u00edvel hier\u00e1rquico: Especialista<\/li>\n<\/ul>\n<p>VALORIZADO<\/p>\n<p>Tempo de experi\u00eancia: Menos de 1 ano<\/p>\n<p>Escolaridade M\u00ednima: Ensino Fundamental (1\u00ba grau)<\/p>\n<p>Forma\u00e7\u00e3o desejada:<\/p>\n<ul>\n<li>, Ensino Fundamental (1\u00ba grau)<\/li>\n<\/ul>\n<ul>\n<li>T\u00edquete Refei\u00e7\u00e3o<\/li>\n<li>T\u00edquete Alimenta\u00e7\u00e3o<\/li>\n<li>Vale Transporte<\/li>\n<\/ul>\n","protected":false},"excerpt":{"rendered":"<p>Recrutamento e Sele\u00e7\u00e3o: Apoio na triagem de curr\u00edculos, agendamento de entrevistas. Monitoramento de Treinamentos: Organiza\u00e7\u00e3o de programas de capacita\u00e7\u00e3o, controle de presen\u00e7a e avalia\u00e7\u00e3o de resultados; Gest\u00e3o de Desempenho: Avaliar o desempenho dos funcion\u00e1rios e oferecer feedback construtivo, alinhando expectativas com os objetivos da empresa e incentivando o desenvolvimento profissional; Clima Organizacional: Promover um ambiente [&hellip;]<\/p>\n","protected":false},"author":1,"featured_media":0,"comment_status":"open","ping_status":"open","sticky":false,"template":"","format":"standard","meta":{"footnotes":""},"categories":[21],"tags":[],"class_list":["post-4953","post","type-post","status-publish","format-standard","hentry","category-rio-de-janeiro-rj"],"_links":{"self":[{"href":"https:\/\/vagas.portalemprego.com.br\/index.php?rest_route=\/wp\/v2\/posts\/4953","targetHints":{"allow":["GET"]}}],"collection":[{"href":"https:\/\/vagas.portalemprego.com.br\/index.php?rest_route=\/wp\/v2\/posts"}],"about":[{"href":"https:\/\/vagas.portalemprego.com.br\/index.php?rest_route=\/wp\/v2\/types\/post"}],"author":[{"embeddable":true,"href":"https:\/\/vagas.portalemprego.com.br\/index.php?rest_route=\/wp\/v2\/users\/1"}],"replies":[{"embeddable":true,"href":"https:\/\/vagas.portalemprego.com.br\/index.php?rest_route=%2Fwp%2Fv2%2Fcomments&post=4953"}],"version-history":[{"count":0,"href":"https:\/\/vagas.portalemprego.com.br\/index.php?rest_route=\/wp\/v2\/posts\/4953\/revisions"}],"wp:attachment":[{"href":"https:\/\/vagas.portalemprego.com.br\/index.php?rest_route=%2Fwp%2Fv2%2Fmedia&parent=4953"}],"wp:term":[{"taxonomy":"category","embeddable":true,"href":"https:\/\/vagas.portalemprego.com.br\/index.php?rest_route=%2Fwp%2Fv2%2Fcategories&post=4953"},{"taxonomy":"post_tag","embeddable":true,"href":"https:\/\/vagas.portalemprego.com.br\/index.php?rest_route=%2Fwp%2Fv2%2Ftags&post=4953"}],"curies":[{"name":"wp","href":"https:\/\/api.w.org\/{rel}","templated":true}]}}