{"id":4955,"date":"2026-04-29T06:17:17","date_gmt":"2026-04-29T09:17:17","guid":{"rendered":"https:\/\/vagas.portalemprego.com.br\/?p=4955"},"modified":"2026-04-29T06:17:17","modified_gmt":"2026-04-29T09:17:17","slug":"vendedor-externo-administracao-cabo-frio","status":"publish","type":"post","link":"https:\/\/vagas.portalemprego.com.br\/?p=4955","title":{"rendered":"Vendedor Externo &#8211; Administra\u00e7\u00e3o &#8211; Cabo Frio"},"content":{"rendered":"<p>atuar nas \u00e1reas: Arraial do Cabo, Cassimiro de Abreu, Iguaba Grande, Rio das Ostras, Saquarema, Silva Jardim, S\u00e3o Pedro da Aldeia, Cabo Frio, Arma\u00e7\u00e3o de B\u00fazios e Araruama.; Prospec\u00e7\u00e3o e manuten\u00e7\u00e3o de clientes de diferentes portes;<br \/>\nRealizar vendas externas;<br \/>\nAcompanhar e desenvolver atividades na \u00e1rea comercial;<br \/>\nControlar rotinas comerciais; Preencher relat\u00f3rios de vendas;<br \/>\nAdministrar carteira de clientes e realizar visitas regulares; Necess\u00e1rio ter CNH B e ve\u00edculo pr\u00f3prio.<br \/>\nTer experi\u00eancia pr\u00e9via com vendas externas<\/p>\n<ul>\n<li>Local de trabalho: Cabo Frio, RJ<\/li>\n<li>Regime de contrata\u00e7\u00e3o de tipo: Efetivo \u2013 CLT<\/li>\n<li>Jornada: Per\u00edodo Integral<\/li>\n<li>\u00c1rea e especializa\u00e7\u00e3o profissional: Administra\u00e7\u00e3o &#8211; Administra\u00e7\u00e3o Geral<\/li>\n<li>N\u00edvel hier\u00e1rquico: Especialista<\/li>\n<\/ul>\n<p>VALORIZADO<\/p>\n<p>Tempo de experi\u00eancia: Menos de 1 ano<\/p>\n<p>Escolaridade M\u00ednima: Ensino Fundamental (1\u00ba grau)<\/p>\n<p>Forma\u00e7\u00e3o desejada:<\/p>\n<ul>\n<li>, Ensino Fundamental (1\u00ba grau)<\/li>\n<\/ul>\n<ul>\n<li>Seguro Sa\u00fade<\/li>\n<li>Assist\u00eancia Odontol\u00f3gica<\/li>\n<li>Seguro de Vida em Grupo<\/li>\n<\/ul>\n","protected":false},"excerpt":{"rendered":"<p>atuar nas \u00e1reas: Arraial do Cabo, Cassimiro de Abreu, Iguaba Grande, Rio das Ostras, Saquarema, Silva Jardim, S\u00e3o Pedro da Aldeia, Cabo Frio, Arma\u00e7\u00e3o de B\u00fazios e Araruama.; Prospec\u00e7\u00e3o e manuten\u00e7\u00e3o de clientes de diferentes portes; Realizar vendas externas; Acompanhar e desenvolver atividades na \u00e1rea comercial; Controlar rotinas comerciais; Preencher relat\u00f3rios de vendas; Administrar carteira [&hellip;]<\/p>\n","protected":false},"author":1,"featured_media":0,"comment_status":"open","ping_status":"open","sticky":false,"template":"","format":"standard","meta":{"footnotes":""},"categories":[21],"tags":[],"class_list":["post-4955","post","type-post","status-publish","format-standard","hentry","category-rio-de-janeiro-rj"],"_links":{"self":[{"href":"https:\/\/vagas.portalemprego.com.br\/index.php?rest_route=\/wp\/v2\/posts\/4955","targetHints":{"allow":["GET"]}}],"collection":[{"href":"https:\/\/vagas.portalemprego.com.br\/index.php?rest_route=\/wp\/v2\/posts"}],"about":[{"href":"https:\/\/vagas.portalemprego.com.br\/index.php?rest_route=\/wp\/v2\/types\/post"}],"author":[{"embeddable":true,"href":"https:\/\/vagas.portalemprego.com.br\/index.php?rest_route=\/wp\/v2\/users\/1"}],"replies":[{"embeddable":true,"href":"https:\/\/vagas.portalemprego.com.br\/index.php?rest_route=%2Fwp%2Fv2%2Fcomments&post=4955"}],"version-history":[{"count":0,"href":"https:\/\/vagas.portalemprego.com.br\/index.php?rest_route=\/wp\/v2\/posts\/4955\/revisions"}],"wp:attachment":[{"href":"https:\/\/vagas.portalemprego.com.br\/index.php?rest_route=%2Fwp%2Fv2%2Fmedia&parent=4955"}],"wp:term":[{"taxonomy":"category","embeddable":true,"href":"https:\/\/vagas.portalemprego.com.br\/index.php?rest_route=%2Fwp%2Fv2%2Fcategories&post=4955"},{"taxonomy":"post_tag","embeddable":true,"href":"https:\/\/vagas.portalemprego.com.br\/index.php?rest_route=%2Fwp%2Fv2%2Ftags&post=4955"}],"curies":[{"name":"wp","href":"https:\/\/api.w.org\/{rel}","templated":true}]}}