{"id":4958,"date":"2026-04-29T06:17:17","date_gmt":"2026-04-29T09:17:17","guid":{"rendered":"https:\/\/vagas.portalemprego.com.br\/?p=4958"},"modified":"2026-04-29T06:17:17","modified_gmt":"2026-04-29T09:17:17","slug":"supervisor-de-vendas-administracao-marica","status":"publish","type":"post","link":"https:\/\/vagas.portalemprego.com.br\/?p=4958","title":{"rendered":"Supervisor de Vendas &#8211; Administra\u00e7\u00e3o &#8211; Maric\u00e1"},"content":{"rendered":"<p>atuar nas \u00e1reas: Arraial do Cabo, Cachoeiras do Macacu, Casimiro de Abreu, Iguaba Grande, Marica, Niter\u00f3i, Rio Bonito, Rio das Ostras, S\u00e3o Gon\u00e7alo, S\u00e3o Pedro da Aldeia, Saquarema, Tangu\u00e1, Silva Jardim, Itabora\u00ed, Cabo Frio, Arma\u00e7\u00e3o de B\u00fazios.; Fazer o planejamento de vendas para vendedores; Determinar metas para a \u00e1rea comercial; Gerenciar as carteiras de clientes e distribu\u00ed-las entre os vendedores; Determinar rotas de visitas; Acompanhar e monitorar o desempenho individual dos vendedores; Dar feedbacks individuais e coletivos; Treinar a equipe para promo\u00e7\u00f5es e campanhas de vendas; Calcular os objetivos de vendas; Pensar e propor planos de incentivos de vendas; Criar t\u00e1ticas e a\u00e7\u00f5es de vendas; Responder as reclama\u00e7\u00f5es de clientes e verificar as responsabilidades; Disponibilizar e controlar o material de merchandising para equipe; Verificar se h\u00e1 necessidade de ampliar, reduzir ou substituir a equipe de vendas. Gradua\u00e7\u00e3o em Administra\u00e7\u00e3o, Marketing e\/ ou afins<br \/>\nCNH B v\u00e1lida<br \/>\nCarro pr\u00f3prio<\/p>\n<ul>\n<li>Local de trabalho: Maric\u00e1, RJ<\/li>\n<li>Regime de contrata\u00e7\u00e3o de tipo: Efetivo \u2013 CLT<\/li>\n<li>Jornada: Per\u00edodo Integral<\/li>\n<li>\u00c1rea e especializa\u00e7\u00e3o profissional: Administra\u00e7\u00e3o &#8211; Administra\u00e7\u00e3o Geral<\/li>\n<li>N\u00edvel hier\u00e1rquico: Especialista<\/li>\n<\/ul>\n<p>VALORIZADO<\/p>\n<p>Tempo de experi\u00eancia: Menos de 1 ano<\/p>\n<p>Escolaridade M\u00ednima: Ensino Fundamental (1\u00ba grau)<\/p>\n<p>Forma\u00e7\u00e3o desejada:<\/p>\n<ul>\n<li>, Ensino Fundamental (1\u00ba grau)<\/li>\n<\/ul>\n<ul>\n<li>Seguro Sa\u00fade<\/li>\n<li>Combust\u00edvel<\/li>\n<li>Estacionamento<\/li>\n<li>Seguro de Vida em Grupo<\/li>\n<li>Assist\u00eancia Odontol\u00f3gica<\/li>\n<\/ul>\n","protected":false},"excerpt":{"rendered":"<p>atuar nas \u00e1reas: Arraial do Cabo, Cachoeiras do Macacu, Casimiro de Abreu, Iguaba Grande, Marica, Niter\u00f3i, Rio Bonito, Rio das Ostras, S\u00e3o Gon\u00e7alo, S\u00e3o Pedro da Aldeia, Saquarema, Tangu\u00e1, Silva Jardim, Itabora\u00ed, Cabo Frio, Arma\u00e7\u00e3o de B\u00fazios.; Fazer o planejamento de vendas para vendedores; Determinar metas para a \u00e1rea comercial; Gerenciar as carteiras de clientes [&hellip;]<\/p>\n","protected":false},"author":1,"featured_media":0,"comment_status":"open","ping_status":"open","sticky":false,"template":"","format":"standard","meta":{"footnotes":""},"categories":[21],"tags":[],"class_list":["post-4958","post","type-post","status-publish","format-standard","hentry","category-rio-de-janeiro-rj"],"_links":{"self":[{"href":"https:\/\/vagas.portalemprego.com.br\/index.php?rest_route=\/wp\/v2\/posts\/4958","targetHints":{"allow":["GET"]}}],"collection":[{"href":"https:\/\/vagas.portalemprego.com.br\/index.php?rest_route=\/wp\/v2\/posts"}],"about":[{"href":"https:\/\/vagas.portalemprego.com.br\/index.php?rest_route=\/wp\/v2\/types\/post"}],"author":[{"embeddable":true,"href":"https:\/\/vagas.portalemprego.com.br\/index.php?rest_route=\/wp\/v2\/users\/1"}],"replies":[{"embeddable":true,"href":"https:\/\/vagas.portalemprego.com.br\/index.php?rest_route=%2Fwp%2Fv2%2Fcomments&post=4958"}],"version-history":[{"count":0,"href":"https:\/\/vagas.portalemprego.com.br\/index.php?rest_route=\/wp\/v2\/posts\/4958\/revisions"}],"wp:attachment":[{"href":"https:\/\/vagas.portalemprego.com.br\/index.php?rest_route=%2Fwp%2Fv2%2Fmedia&parent=4958"}],"wp:term":[{"taxonomy":"category","embeddable":true,"href":"https:\/\/vagas.portalemprego.com.br\/index.php?rest_route=%2Fwp%2Fv2%2Fcategories&post=4958"},{"taxonomy":"post_tag","embeddable":true,"href":"https:\/\/vagas.portalemprego.com.br\/index.php?rest_route=%2Fwp%2Fv2%2Ftags&post=4958"}],"curies":[{"name":"wp","href":"https:\/\/api.w.org\/{rel}","templated":true}]}}