{"id":4959,"date":"2026-04-29T06:17:17","date_gmt":"2026-04-29T09:17:17","guid":{"rendered":"https:\/\/vagas.portalemprego.com.br\/?p=4959"},"modified":"2026-04-29T06:17:17","modified_gmt":"2026-04-29T09:17:17","slug":"vendedor-externo-administracao-itaperuna","status":"publish","type":"post","link":"https:\/\/vagas.portalemprego.com.br\/?p=4959","title":{"rendered":"Vendedor Externo &#8211; Administra\u00e7\u00e3o &#8211; Itaperuna"},"content":{"rendered":"<p>atuar nas \u00e1reas: Aperib\u00e9, Bom Jesus do Itabapoana, Cambuci, Italva, Itaocara, Itaperuna, Laje do Muria\u00e9, Miracema, Natividade, Porci\u00fancula, Santa Maria Madalena, Santo Ant\u00f4nio de P\u00e1dua, S\u00e3o Francisco de Itabapoana, S\u00e3o Sebasti\u00e3o do Alto e Varre-sai..<br \/>\nFazer o planejamento de vendas para vendedores;<br \/>\nDeterminar metas para a \u00e1rea comercial;<br \/>\nGerenciar as carteiras de clientes e distribu\u00ed-las entre os vendedores;<br \/>\nDeterminar rotas de visitas;<br \/>\nAcompanhar e monitorar o desempenho individual dos vendedores;<br \/>\nDar feedbacks individuais e coletivos;<br \/>\nTreinar a equipe para promo\u00e7\u00f5es e campanhas de vendas;<br \/>\nCalcular os objetivos de vendas;<br \/>\nPensar e propor planos de incentivos de vendas;<br \/>\nCriar t\u00e1ticas e a\u00e7\u00f5es de vendas;<br \/>\nResponder as reclama\u00e7\u00f5es de clientes e verificar as responsabilidades;<br \/>\nDisponibilizar e controlar o material de merchandising para equipe;<br \/>\nVerificar se h\u00e1 necessidade de ampliar, reduzir ou substituir a equipe de vendas. Necess\u00e1rio ter CNH B e ve\u00edculo pr\u00f3prio.<br \/>\nTer experi\u00eancia pr\u00e9via com vendas externas<\/p>\n<ul>\n<li>Local de trabalho: Itaperuna, RJ<\/li>\n<li>Regime de contrata\u00e7\u00e3o de tipo: Efetivo \u2013 CLT<\/li>\n<li>Jornada: Per\u00edodo Integral<\/li>\n<li>\u00c1rea e especializa\u00e7\u00e3o profissional: Administra\u00e7\u00e3o &#8211; Administra\u00e7\u00e3o Geral<\/li>\n<li>N\u00edvel hier\u00e1rquico: Especialista<\/li>\n<\/ul>\n<p>VALORIZADO<\/p>\n<p>Tempo de experi\u00eancia: Menos de 1 ano<\/p>\n<p>Escolaridade M\u00ednima: Ensino Fundamental (1\u00ba grau)<\/p>\n<p>Forma\u00e7\u00e3o desejada:<\/p>\n<ul>\n<li>, Ensino Fundamental (1\u00ba grau)<\/li>\n<\/ul>\n<ul>\n<li>Seguro de Vida em Grupo<\/li>\n<li>Seguro Sa\u00fade<\/li>\n<li>Assist\u00eancia Odontol\u00f3gica<\/li>\n<\/ul>\n<p>Sal\u00e1rio: 1850,0<\/p>\n","protected":false},"excerpt":{"rendered":"<p>atuar nas \u00e1reas: Aperib\u00e9, Bom Jesus do Itabapoana, Cambuci, Italva, Itaocara, Itaperuna, Laje do Muria\u00e9, Miracema, Natividade, Porci\u00fancula, Santa Maria Madalena, Santo Ant\u00f4nio de P\u00e1dua, S\u00e3o Francisco de Itabapoana, S\u00e3o Sebasti\u00e3o do Alto e Varre-sai.. Fazer o planejamento de vendas para vendedores; Determinar metas para a \u00e1rea comercial; Gerenciar as carteiras de clientes e distribu\u00ed-las [&hellip;]<\/p>\n","protected":false},"author":1,"featured_media":0,"comment_status":"open","ping_status":"open","sticky":false,"template":"","format":"standard","meta":{"footnotes":""},"categories":[21],"tags":[],"class_list":["post-4959","post","type-post","status-publish","format-standard","hentry","category-rio-de-janeiro-rj"],"_links":{"self":[{"href":"https:\/\/vagas.portalemprego.com.br\/index.php?rest_route=\/wp\/v2\/posts\/4959","targetHints":{"allow":["GET"]}}],"collection":[{"href":"https:\/\/vagas.portalemprego.com.br\/index.php?rest_route=\/wp\/v2\/posts"}],"about":[{"href":"https:\/\/vagas.portalemprego.com.br\/index.php?rest_route=\/wp\/v2\/types\/post"}],"author":[{"embeddable":true,"href":"https:\/\/vagas.portalemprego.com.br\/index.php?rest_route=\/wp\/v2\/users\/1"}],"replies":[{"embeddable":true,"href":"https:\/\/vagas.portalemprego.com.br\/index.php?rest_route=%2Fwp%2Fv2%2Fcomments&post=4959"}],"version-history":[{"count":0,"href":"https:\/\/vagas.portalemprego.com.br\/index.php?rest_route=\/wp\/v2\/posts\/4959\/revisions"}],"wp:attachment":[{"href":"https:\/\/vagas.portalemprego.com.br\/index.php?rest_route=%2Fwp%2Fv2%2Fmedia&parent=4959"}],"wp:term":[{"taxonomy":"category","embeddable":true,"href":"https:\/\/vagas.portalemprego.com.br\/index.php?rest_route=%2Fwp%2Fv2%2Fcategories&post=4959"},{"taxonomy":"post_tag","embeddable":true,"href":"https:\/\/vagas.portalemprego.com.br\/index.php?rest_route=%2Fwp%2Fv2%2Ftags&post=4959"}],"curies":[{"name":"wp","href":"https:\/\/api.w.org\/{rel}","templated":true}]}}