{"id":4961,"date":"2026-04-29T06:18:18","date_gmt":"2026-04-29T09:18:18","guid":{"rendered":"https:\/\/vagas.portalemprego.com.br\/?p=4961"},"modified":"2026-04-29T06:18:18","modified_gmt":"2026-04-29T09:18:18","slug":"analista-tributario-contabil-financas-economia-rio-de-janeiro","status":"publish","type":"post","link":"https:\/\/vagas.portalemprego.com.br\/?p=4961","title":{"rendered":"Analista Tribut\u00e1rio &#8211; Cont\u00e1bil, Finan\u00e7as, Economia &#8211; Rio de Janeiro"},"content":{"rendered":"<p>Consultoria e Planejamento Tribut\u00e1rio:<br \/>\nOferecer orienta\u00e7\u00e3o estrat\u00e9gica para otimiza\u00e7\u00e3o de carga tribut\u00e1ria.<br \/>\nIdentificar oportunidades de cr\u00e9ditos fiscais e benef\u00edcios tribut\u00e1rios.<br \/>\nApura\u00e7\u00e3o de Impostos:<br \/>\nCalcular e revisar as obriga\u00e7\u00f5es tribut\u00e1rias mensais, trimestrais e anuais.<br \/>\nAssegurar o cumprimento dos prazos e obriga\u00e7\u00f5es acess\u00f3rias.<br \/>\nIntera\u00e7\u00e3o com \u00d3rg\u00e3os Reguladores:<br \/>\nAtender fiscaliza\u00e7\u00f5es e auditorias, fornecendo documenta\u00e7\u00e3o e esclarecimentos.<br \/>\nManter relacionamento com autoridades fiscais para resolu\u00e7\u00e3o de pend\u00eancias. Gradua\u00e7\u00e3o em Ci\u00eancias Cont\u00e1beis, Administra\u00e7\u00e3o ou \u00e1reas afins.<br \/>\nDesej\u00e1vel CRC ativo.<br \/>\nBons conhecimentos do Pacote Office, especialmente Excel.<br \/>\nTer trabalhado com ALTERDATA ser\u00e1 um diferencial.<br \/>\nTer atuado na \u00e1rea tribut\u00e1ria de escrit\u00f3rios cont\u00e1beis, atendendo a empresas pequeno, m\u00e9dio e grande porte nos regimes de Lucro Presumido, Simples Nacional e Lucro Real.<\/p>\n<ul>\n<li>Local de trabalho: Rio de Janeiro, RJ<\/li>\n<li>Regime de contrata\u00e7\u00e3o de tipo: Prestador de Servi\u00e7os (PJ)<\/li>\n<li>Jornada: Per\u00edodo Integral<\/li>\n<li>\u00c1rea e especializa\u00e7\u00e3o profissional: Cont\u00e1bil, Finan\u00e7as, Economia &#8211; Contabilidade<\/li>\n<li>N\u00edvel hier\u00e1rquico: Especialista<\/li>\n<\/ul>\n<p>VALORIZADO<\/p>\n<p>Tempo de experi\u00eancia: Menos de 1 ano<\/p>\n<p>Escolaridade M\u00ednima: Ensino Fundamental (1\u00ba grau)<\/p>\n<p>Forma\u00e7\u00e3o desejada:<\/p>\n<ul>\n<li>, Ensino Fundamental (1\u00ba grau)<\/li>\n<\/ul>\n<ul>\n<li>T\u00edquete Refei\u00e7\u00e3o<\/li>\n<\/ul>\n<p>Sal\u00e1rio: 2000,0<\/p>\n","protected":false},"excerpt":{"rendered":"<p>Consultoria e Planejamento Tribut\u00e1rio: Oferecer orienta\u00e7\u00e3o estrat\u00e9gica para otimiza\u00e7\u00e3o de carga tribut\u00e1ria. Identificar oportunidades de cr\u00e9ditos fiscais e benef\u00edcios tribut\u00e1rios. Apura\u00e7\u00e3o de Impostos: Calcular e revisar as obriga\u00e7\u00f5es tribut\u00e1rias mensais, trimestrais e anuais. Assegurar o cumprimento dos prazos e obriga\u00e7\u00f5es acess\u00f3rias. Intera\u00e7\u00e3o com \u00d3rg\u00e3os Reguladores: Atender fiscaliza\u00e7\u00f5es e auditorias, fornecendo documenta\u00e7\u00e3o e esclarecimentos. Manter relacionamento [&hellip;]<\/p>\n","protected":false},"author":1,"featured_media":0,"comment_status":"open","ping_status":"open","sticky":false,"template":"","format":"standard","meta":{"footnotes":""},"categories":[21],"tags":[],"class_list":["post-4961","post","type-post","status-publish","format-standard","hentry","category-rio-de-janeiro-rj"],"_links":{"self":[{"href":"https:\/\/vagas.portalemprego.com.br\/index.php?rest_route=\/wp\/v2\/posts\/4961","targetHints":{"allow":["GET"]}}],"collection":[{"href":"https:\/\/vagas.portalemprego.com.br\/index.php?rest_route=\/wp\/v2\/posts"}],"about":[{"href":"https:\/\/vagas.portalemprego.com.br\/index.php?rest_route=\/wp\/v2\/types\/post"}],"author":[{"embeddable":true,"href":"https:\/\/vagas.portalemprego.com.br\/index.php?rest_route=\/wp\/v2\/users\/1"}],"replies":[{"embeddable":true,"href":"https:\/\/vagas.portalemprego.com.br\/index.php?rest_route=%2Fwp%2Fv2%2Fcomments&post=4961"}],"version-history":[{"count":0,"href":"https:\/\/vagas.portalemprego.com.br\/index.php?rest_route=\/wp\/v2\/posts\/4961\/revisions"}],"wp:attachment":[{"href":"https:\/\/vagas.portalemprego.com.br\/index.php?rest_route=%2Fwp%2Fv2%2Fmedia&parent=4961"}],"wp:term":[{"taxonomy":"category","embeddable":true,"href":"https:\/\/vagas.portalemprego.com.br\/index.php?rest_route=%2Fwp%2Fv2%2Fcategories&post=4961"},{"taxonomy":"post_tag","embeddable":true,"href":"https:\/\/vagas.portalemprego.com.br\/index.php?rest_route=%2Fwp%2Fv2%2Ftags&post=4961"}],"curies":[{"name":"wp","href":"https:\/\/api.w.org\/{rel}","templated":true}]}}