{"id":4964,"date":"2026-04-29T06:18:18","date_gmt":"2026-04-29T09:18:18","guid":{"rendered":"https:\/\/vagas.portalemprego.com.br\/?p=4964"},"modified":"2026-04-29T06:18:18","modified_gmt":"2026-04-29T09:18:18","slug":"gerente-de-loja-administracao-rio-de-janeiro-2","status":"publish","type":"post","link":"https:\/\/vagas.portalemprego.com.br\/?p=4964","title":{"rendered":"Gerente de Loja &#8211; Administra\u00e7\u00e3o &#8211; Rio de Janeiro"},"content":{"rendered":"<p>Respons\u00e1vel pela gest\u00e3o completa da loja, garantindo o alcance das metas de vendas, rentabilidade e excel\u00eancia no atendimento ao cliente. Atua na lideran\u00e7a da equipe, acompanhamento de indicadores, controle de estoque e despesas operacionais, assegurando o cumprimento das pol\u00edticas e padr\u00f5es da empresa.<\/p>\n<p>Planejar e acompanhar o cumprimento das metas di\u00e1rias, semanais e mensais de vendas.<br \/>\nLiderar, motivar e desenvolver a equipe de loja, promovendo um ambiente de trabalho colaborativo e de alta performance.<br \/>\nGarantir a satisfa\u00e7\u00e3o do cliente, assegurando o padr\u00e3o de atendimento definido pela empresa.<br \/>\nSupervisionar a exposi\u00e7\u00e3o de produtos, layout da loja e organiza\u00e7\u00e3o do ambiente de vendas.<br \/>\nControlar e analisar indicadores operacionais e financeiros (ticket m\u00e9dio, convers\u00e3o, margem, ruptura, perdas etc.).<br \/>\nRealizar o controle de estoque, invent\u00e1rios e pedidos de reposi\u00e7\u00e3o.<br \/>\nAcompanhar e validar processos de abertura, fechamento e confer\u00eancia de caixa.<br \/>\nGarantir o cumprimento das normas internas, pol\u00edticas comerciais e procedimentos de seguran\u00e7a.<br \/>\nIdentificar oportunidades de melhoria e implementar a\u00e7\u00f5es corretivas ou preventivas.<br \/>\nParticipar de reuni\u00f5es de alinhamento com a diretoria e elaborar relat\u00f3rios de desempenho. Ensino superior em Administra\u00e7\u00e3o, Gest\u00e3o Comercial ou \u00e1reas correlatas.<br \/>\nDesejavel vivencia com Alterdata.<br \/>\nExperiencia p revia na fun\u00e7\u00e3o.<br \/>\nConhecimento em Indicadores de desempenho (KPIs), t\u00e9cnicas de vendas e gest\u00e3o de estoque.<\/p>\n<ul>\n<li>Local de trabalho: Rio de Janeiro, RJ<\/li>\n<li>Regime de contrata\u00e7\u00e3o de tipo: Efetivo \u2013 CLT<\/li>\n<li>Jornada: Per\u00edodo Integral<\/li>\n<li>\u00c1rea e especializa\u00e7\u00e3o profissional: Administra\u00e7\u00e3o &#8211; Administra\u00e7\u00e3o Geral<\/li>\n<li>N\u00edvel hier\u00e1rquico: Gerente<\/li>\n<\/ul>\n<p>VALORIZADO<\/p>\n<p>Tempo de experi\u00eancia: Menos de 1 ano<\/p>\n<p>Escolaridade M\u00ednima: Ensino Fundamental (1\u00ba grau)<\/p>\n<p>Forma\u00e7\u00e3o desejada:<\/p>\n<ul>\n<li>, Ensino Fundamental (1\u00ba grau)<\/li>\n<\/ul>\n<ul>\n<li>T\u00edquete Refei\u00e7\u00e3o<\/li>\n<li>Estudo de Faculdade<\/li>\n<li>Vale Transporte<\/li>\n<\/ul>\n<p>Sal\u00e1rio: 2000,0<\/p>\n","protected":false},"excerpt":{"rendered":"<p>Respons\u00e1vel pela gest\u00e3o completa da loja, garantindo o alcance das metas de vendas, rentabilidade e excel\u00eancia no atendimento ao cliente. Atua na lideran\u00e7a da equipe, acompanhamento de indicadores, controle de estoque e despesas operacionais, assegurando o cumprimento das pol\u00edticas e padr\u00f5es da empresa. Planejar e acompanhar o cumprimento das metas di\u00e1rias, semanais e mensais de [&hellip;]<\/p>\n","protected":false},"author":1,"featured_media":0,"comment_status":"open","ping_status":"open","sticky":false,"template":"","format":"standard","meta":{"footnotes":""},"categories":[21],"tags":[],"class_list":["post-4964","post","type-post","status-publish","format-standard","hentry","category-rio-de-janeiro-rj"],"_links":{"self":[{"href":"https:\/\/vagas.portalemprego.com.br\/index.php?rest_route=\/wp\/v2\/posts\/4964","targetHints":{"allow":["GET"]}}],"collection":[{"href":"https:\/\/vagas.portalemprego.com.br\/index.php?rest_route=\/wp\/v2\/posts"}],"about":[{"href":"https:\/\/vagas.portalemprego.com.br\/index.php?rest_route=\/wp\/v2\/types\/post"}],"author":[{"embeddable":true,"href":"https:\/\/vagas.portalemprego.com.br\/index.php?rest_route=\/wp\/v2\/users\/1"}],"replies":[{"embeddable":true,"href":"https:\/\/vagas.portalemprego.com.br\/index.php?rest_route=%2Fwp%2Fv2%2Fcomments&post=4964"}],"version-history":[{"count":0,"href":"https:\/\/vagas.portalemprego.com.br\/index.php?rest_route=\/wp\/v2\/posts\/4964\/revisions"}],"wp:attachment":[{"href":"https:\/\/vagas.portalemprego.com.br\/index.php?rest_route=%2Fwp%2Fv2%2Fmedia&parent=4964"}],"wp:term":[{"taxonomy":"category","embeddable":true,"href":"https:\/\/vagas.portalemprego.com.br\/index.php?rest_route=%2Fwp%2Fv2%2Fcategories&post=4964"},{"taxonomy":"post_tag","embeddable":true,"href":"https:\/\/vagas.portalemprego.com.br\/index.php?rest_route=%2Fwp%2Fv2%2Ftags&post=4964"}],"curies":[{"name":"wp","href":"https:\/\/api.w.org\/{rel}","templated":true}]}}