{"id":4965,"date":"2026-04-29T06:18:18","date_gmt":"2026-04-29T09:18:18","guid":{"rendered":"https:\/\/vagas.portalemprego.com.br\/?p=4965"},"modified":"2026-04-29T06:18:18","modified_gmt":"2026-04-29T09:18:18","slug":"supervisor-de-vendas-administracao-rio-de-janeiro","status":"publish","type":"post","link":"https:\/\/vagas.portalemprego.com.br\/?p=4965","title":{"rendered":"Supervisor de Vendas &#8211; Administra\u00e7\u00e3o &#8211; Rio de Janeiro"},"content":{"rendered":"<p>Respons\u00e1vel por supervisionar, orientar e acompanhar a equipe de televendas, garantindo o cumprimento das metas de vendas e a excel\u00eancia no atendimento ao cliente. Atua no planejamento de a\u00e7\u00f5es comerciais, monitoramento de indicadores e desenvolvimento da equipe, contribuindo diretamente para o crescimento e rentabilidade da empresa.<\/p>\n<p>Supervisionar e acompanhar o desempenho da equipe de televendas, assegurando o atingimento das metas individuais e coletivas;<br \/>\nPlanejar e implementar campanhas e estrat\u00e9gias comerciais em conjunto com o gerente de vendas;<br \/>\nMonitorar indicadores de desempenho (liga\u00e7\u00e3o, convers\u00e3o, ticket m\u00e9dio, faturamento, etc.);<br \/>\nRealizar reuni\u00f5es peri\u00f3dicas de alinhamento, feedback e motiva\u00e7\u00e3o com a equipe;<br \/>\nApoiar no recrutamento, integra\u00e7\u00e3o e treinamento de novos vendedores;<br \/>\nAplicar treinamento de reciclagem;<br \/>\nGarantir a qualidade no atendimento e a satisfa\u00e7\u00e3o dos clientes;<br \/>\nAnalisar relat\u00f3rios de vendas e propor a\u00e7\u00f5es corretivas ou de melhoria;<br \/>\nManter o relacionamento entre a \u00e1rea comercial e demais setores (log\u00edstica, financeiro, marketing, etc.);<br \/>\nAcompanhar o cumprimento das pol\u00edticas comerciais e procedimentos internos da empresa. Ensino Superior Completo em Gest\u00e3o Comercial ou \u00e1reas correlatas.<br \/>\nExperi\u00eancia s\u00f3lida em televendas, com atua\u00e7\u00e3o anterior em cargos de lideran\u00e7a;<br \/>\nConhecimento em t\u00e9cnicas de negocia\u00e7\u00e3o, gest\u00e3o de CRM e funil de vendas;<br \/>\nHabilidade em an\u00e1lise de indicadores de desempenho e gest\u00e3o por resultados;<br \/>\nDom\u00ednio de ferramentas de Office (Excel, PowerPoint) e sistemas de vendas.<br \/>\nDesej\u00e1vel viv\u00eancia com o Alterdata.<\/p>\n<ul>\n<li>Local de trabalho: Rio de Janeiro, RJ<\/li>\n<li>Regime de contrata\u00e7\u00e3o de tipo: Efetivo \u2013 CLT<\/li>\n<li>Jornada: Per\u00edodo Integral<\/li>\n<li>\u00c1rea e especializa\u00e7\u00e3o profissional: Administra\u00e7\u00e3o &#8211; Administra\u00e7\u00e3o Geral<\/li>\n<li>N\u00edvel hier\u00e1rquico: Especialista<\/li>\n<\/ul>\n<p>VALORIZADO<\/p>\n<p>Tempo de experi\u00eancia: Menos de 1 ano<\/p>\n<p>Escolaridade M\u00ednima: Ensino Fundamental (1\u00ba grau)<\/p>\n<p>Forma\u00e7\u00e3o desejada:<\/p>\n<ul>\n<li>, Ensino Fundamental (1\u00ba grau)<\/li>\n<\/ul>\n<ul>\n<li>Vale Transporte<\/li>\n<li>T\u00edquete Refei\u00e7\u00e3o<\/li>\n<li>Estudo de Faculdade<\/li>\n<\/ul>\n<p>Sal\u00e1rio: 2000,0<\/p>\n","protected":false},"excerpt":{"rendered":"<p>Respons\u00e1vel por supervisionar, orientar e acompanhar a equipe de televendas, garantindo o cumprimento das metas de vendas e a excel\u00eancia no atendimento ao cliente. Atua no planejamento de a\u00e7\u00f5es comerciais, monitoramento de indicadores e desenvolvimento da equipe, contribuindo diretamente para o crescimento e rentabilidade da empresa. Supervisionar e acompanhar o desempenho da equipe de televendas, [&hellip;]<\/p>\n","protected":false},"author":1,"featured_media":0,"comment_status":"open","ping_status":"open","sticky":false,"template":"","format":"standard","meta":{"footnotes":""},"categories":[21],"tags":[],"class_list":["post-4965","post","type-post","status-publish","format-standard","hentry","category-rio-de-janeiro-rj"],"_links":{"self":[{"href":"https:\/\/vagas.portalemprego.com.br\/index.php?rest_route=\/wp\/v2\/posts\/4965","targetHints":{"allow":["GET"]}}],"collection":[{"href":"https:\/\/vagas.portalemprego.com.br\/index.php?rest_route=\/wp\/v2\/posts"}],"about":[{"href":"https:\/\/vagas.portalemprego.com.br\/index.php?rest_route=\/wp\/v2\/types\/post"}],"author":[{"embeddable":true,"href":"https:\/\/vagas.portalemprego.com.br\/index.php?rest_route=\/wp\/v2\/users\/1"}],"replies":[{"embeddable":true,"href":"https:\/\/vagas.portalemprego.com.br\/index.php?rest_route=%2Fwp%2Fv2%2Fcomments&post=4965"}],"version-history":[{"count":0,"href":"https:\/\/vagas.portalemprego.com.br\/index.php?rest_route=\/wp\/v2\/posts\/4965\/revisions"}],"wp:attachment":[{"href":"https:\/\/vagas.portalemprego.com.br\/index.php?rest_route=%2Fwp%2Fv2%2Fmedia&parent=4965"}],"wp:term":[{"taxonomy":"category","embeddable":true,"href":"https:\/\/vagas.portalemprego.com.br\/index.php?rest_route=%2Fwp%2Fv2%2Fcategories&post=4965"},{"taxonomy":"post_tag","embeddable":true,"href":"https:\/\/vagas.portalemprego.com.br\/index.php?rest_route=%2Fwp%2Fv2%2Ftags&post=4965"}],"curies":[{"name":"wp","href":"https:\/\/api.w.org\/{rel}","templated":true}]}}