{"id":4972,"date":"2026-04-29T06:18:18","date_gmt":"2026-04-29T09:18:18","guid":{"rendered":"https:\/\/vagas.portalemprego.com.br\/?p=4972"},"modified":"2026-04-29T06:18:18","modified_gmt":"2026-04-29T09:18:18","slug":"assistente-juridico-subsidios-juridica-rio-de-janeiro","status":"publish","type":"post","link":"https:\/\/vagas.portalemprego.com.br\/?p=4972","title":{"rendered":"Assistente Jur\u00eddico &#8211; Subs\u00eddios &#8211; Jur\u00eddica &#8211; Rio de Janeiro"},"content":{"rendered":"<p>Com mais de 20 anos de experi\u00eancia, o Cavalcante Ramos Advogados \u00e9 reconhecido por sua excel\u00eancia e destaque na advocacia nacional, sendo inclu\u00eddo por mais de dez anos consecutivos na renomada lista da revista An\u00e1lise Advocacia 500 como um dos escrit\u00f3rios mais admirados do Brasil. Nossa trajet\u00f3ria \u00e9 pautada na inova\u00e7\u00e3o e excel\u00eancia em servi\u00e7os jur\u00eddicos. Saiba mais sobre nossa hist\u00f3ria em cavalcanteramos.adv.br <\/p>\n<p>O que buscamos em voc\u00ea?<br \/>\nProcuramos um profissional com esp\u00edrito competitivo, motivado por desafios, orientado para resultados e protagonista da pr\u00f3pria trajet\u00f3ria. <\/p>\n<p>Atividades:<br \/>\nAtua\u00e7\u00e3o em defesa de institui\u00e7\u00f5es financeiras;<br \/>\nAn\u00e1lise cr\u00edtica de a\u00e7\u00f5es propostas contra empresas visando a solicita\u00e7\u00e3o de subs\u00eddios;<br \/>\nAux\u00edlio direto na estrat\u00e9gia de defesas;<br \/>\nExcel\u00eancia em escrita e comunica\u00e7\u00e3o, garantindo clareza e objetividade.<\/p>\n<p>Requisitos:<br \/>\nForma\u00e7\u00e3o superior completa ou em andamento, em Direito;<br \/>\nExperi\u00eancia pr\u00e9via em atividades administrativas, preferencialmente no setor jur\u00eddico; <\/p>\n<p>O que oferecemos:<br \/>\nPlano de Sa\u00fade\/Odontol\u00f3gico (ap\u00f3s 90 dias), VA\/VR ( R$ 28, para usar como quiser), VT, DayOff no seu anivers\u00e1rio, refeit\u00f3rio no local e conv\u00eanios;<br \/>\nHor\u00e1rio: 9h \u00e0s 18h;<br \/>\nLocal de atua\u00e7\u00e3o: Centro-RJ.<\/p>\n<ul>\n<li>N\u00famero de vagas: 5<\/li>\n<li>Local de trabalho: Rio de Janeiro, RJ<\/li>\n<li>Regime de contrata\u00e7\u00e3o de tipo: Efetivo \u2013 CLT<\/li>\n<li>Jornada: Per\u00edodo Integral<\/li>\n<li>\u00c1rea e especializa\u00e7\u00e3o profissional: Jur\u00eddica &#8211; C\u00edvel<\/li>\n<li>N\u00edvel hier\u00e1rquico: Assistente<\/li>\n<\/ul>\n<p>Escolaridade M\u00ednima: Ensino Superior<\/p>\n<ul>\n<li>Assist\u00eancia odontol\u00f3gica<\/li>\n<li>Assist\u00eancia m\u00e9dica<\/li>\n<li>Vale-transporte<\/li>\n<li>Vale-refei\u00e7\u00e3o<\/li>\n<li>Vale-alimenta\u00e7\u00e3o<\/li>\n<\/ul>\n<p>Sal\u00e1rio: 2000,0<\/p>\n","protected":false},"excerpt":{"rendered":"<p>Com mais de 20 anos de experi\u00eancia, o Cavalcante Ramos Advogados \u00e9 reconhecido por sua excel\u00eancia e destaque na advocacia nacional, sendo inclu\u00eddo por mais de dez anos consecutivos na renomada lista da revista An\u00e1lise Advocacia 500 como um dos escrit\u00f3rios mais admirados do Brasil. Nossa trajet\u00f3ria \u00e9 pautada na inova\u00e7\u00e3o e excel\u00eancia em servi\u00e7os [&hellip;]<\/p>\n","protected":false},"author":1,"featured_media":0,"comment_status":"open","ping_status":"open","sticky":false,"template":"","format":"standard","meta":{"footnotes":""},"categories":[21],"tags":[],"class_list":["post-4972","post","type-post","status-publish","format-standard","hentry","category-rio-de-janeiro-rj"],"_links":{"self":[{"href":"https:\/\/vagas.portalemprego.com.br\/index.php?rest_route=\/wp\/v2\/posts\/4972","targetHints":{"allow":["GET"]}}],"collection":[{"href":"https:\/\/vagas.portalemprego.com.br\/index.php?rest_route=\/wp\/v2\/posts"}],"about":[{"href":"https:\/\/vagas.portalemprego.com.br\/index.php?rest_route=\/wp\/v2\/types\/post"}],"author":[{"embeddable":true,"href":"https:\/\/vagas.portalemprego.com.br\/index.php?rest_route=\/wp\/v2\/users\/1"}],"replies":[{"embeddable":true,"href":"https:\/\/vagas.portalemprego.com.br\/index.php?rest_route=%2Fwp%2Fv2%2Fcomments&post=4972"}],"version-history":[{"count":0,"href":"https:\/\/vagas.portalemprego.com.br\/index.php?rest_route=\/wp\/v2\/posts\/4972\/revisions"}],"wp:attachment":[{"href":"https:\/\/vagas.portalemprego.com.br\/index.php?rest_route=%2Fwp%2Fv2%2Fmedia&parent=4972"}],"wp:term":[{"taxonomy":"category","embeddable":true,"href":"https:\/\/vagas.portalemprego.com.br\/index.php?rest_route=%2Fwp%2Fv2%2Fcategories&post=4972"},{"taxonomy":"post_tag","embeddable":true,"href":"https:\/\/vagas.portalemprego.com.br\/index.php?rest_route=%2Fwp%2Fv2%2Ftags&post=4972"}],"curies":[{"name":"wp","href":"https:\/\/api.w.org\/{rel}","templated":true}]}}