{"id":4973,"date":"2026-04-29T06:18:18","date_gmt":"2026-04-29T09:18:18","guid":{"rendered":"https:\/\/vagas.portalemprego.com.br\/?p=4973"},"modified":"2026-04-29T06:18:18","modified_gmt":"2026-04-29T09:18:18","slug":"repositor-atacadao-comercial-vendas-nova-iguacu","status":"publish","type":"post","link":"https:\/\/vagas.portalemprego.com.br\/?p=4973","title":{"rendered":"Repositor &#8211; ATACAD\u00c3O &#8211; Comercial, Vendas &#8211; Nova Igua\u00e7u"},"content":{"rendered":"<p>Atividades:<br \/>\nRepor mercadorias e abastecer prateleiras e g\u00f4ndolas;<br \/>\nRetirar mercadorias defeituosas e embalagens violadas da \u00e1rea de vendas, al\u00e9m de produtos com data de validade pr\u00f3xima ao vencimento;<br \/>\nManter o padr\u00e3o de exposi\u00e7\u00e3o das mercadorias nos setores de atua\u00e7\u00e3o, observando o sortimento adequado;<br \/>\nEmbalar e etiquetar produtos de forma correta;<br \/>\nOrganizar e armazenar produtos no estoque de maneira eficiente;<br \/>\nAcompanhar e realizar contagem de produtos nas \u00e1reas internas e externas do departamento durante os dias de invent\u00e1rio.<\/p>\n<p>Requisitos:<br \/>\nEnsino m\u00e9dio completo<br \/>\nDisponibilidade para atuar em escala 6&#215;1<\/p>\n<p>Incentivamos a candidatura de pessoas de todos os g\u00eaneros, ra\u00e7as, com defici\u00eancia, diferentes gera\u00e7\u00f5es, cren\u00e7as e orienta\u00e7\u00f5es sexuais.<\/p>\n<ul>\n<li>Local de trabalho: Nova Igua\u00e7u, RJ<\/li>\n<li>Regime de contrata\u00e7\u00e3o de tipo: Efetivo \u2013 CLT<\/li>\n<li>Jornada: Per\u00edodo Integral<\/li>\n<li>\u00c1rea e especializa\u00e7\u00e3o profissional: Comercial, Vendas &#8211; Lojas \/ Shopping<\/li>\n<li>N\u00edvel hier\u00e1rquico: Operacional<\/li>\n<\/ul>\n<p>VALORIZADO<\/p>\n<p>Tempo de experi\u00eancia: Entre 1 e 3 anos<\/p>\n<p>Escolaridade M\u00ednima: Ensino M\u00e9dio (2\u00ba Grau)<\/p>\n<ul>\n<li>TotalPass<\/li>\n<li>Estacionamento no Local para n\u00e3o optantes ao VT<\/li>\n<li>Assist\u00eancia m\u00e9dica<\/li>\n<li>Vale Transporte<\/li>\n<li>Cesta de Natal<\/li>\n<li>Caf\u00e9 da manh\u00e3<\/li>\n<li>Enxoval de beb\u00ea<\/li>\n<li>Assist\u00eancia odontol\u00f3gica<\/li>\n<li>Seguro de Vida<\/li>\n<li>Refei\u00e7\u00e3o no local<\/li>\n<li>Cooperativa de Cr\u00e9dito<\/li>\n<li>Participa\u00e7\u00e3o nos lucros<\/li>\n<\/ul>\n","protected":false},"excerpt":{"rendered":"<p>Atividades: Repor mercadorias e abastecer prateleiras e g\u00f4ndolas; Retirar mercadorias defeituosas e embalagens violadas da \u00e1rea de vendas, al\u00e9m de produtos com data de validade pr\u00f3xima ao vencimento; Manter o padr\u00e3o de exposi\u00e7\u00e3o das mercadorias nos setores de atua\u00e7\u00e3o, observando o sortimento adequado; Embalar e etiquetar produtos de forma correta; Organizar e armazenar produtos no [&hellip;]<\/p>\n","protected":false},"author":1,"featured_media":0,"comment_status":"open","ping_status":"open","sticky":false,"template":"","format":"standard","meta":{"footnotes":""},"categories":[21],"tags":[],"class_list":["post-4973","post","type-post","status-publish","format-standard","hentry","category-rio-de-janeiro-rj"],"_links":{"self":[{"href":"https:\/\/vagas.portalemprego.com.br\/index.php?rest_route=\/wp\/v2\/posts\/4973","targetHints":{"allow":["GET"]}}],"collection":[{"href":"https:\/\/vagas.portalemprego.com.br\/index.php?rest_route=\/wp\/v2\/posts"}],"about":[{"href":"https:\/\/vagas.portalemprego.com.br\/index.php?rest_route=\/wp\/v2\/types\/post"}],"author":[{"embeddable":true,"href":"https:\/\/vagas.portalemprego.com.br\/index.php?rest_route=\/wp\/v2\/users\/1"}],"replies":[{"embeddable":true,"href":"https:\/\/vagas.portalemprego.com.br\/index.php?rest_route=%2Fwp%2Fv2%2Fcomments&post=4973"}],"version-history":[{"count":0,"href":"https:\/\/vagas.portalemprego.com.br\/index.php?rest_route=\/wp\/v2\/posts\/4973\/revisions"}],"wp:attachment":[{"href":"https:\/\/vagas.portalemprego.com.br\/index.php?rest_route=%2Fwp%2Fv2%2Fmedia&parent=4973"}],"wp:term":[{"taxonomy":"category","embeddable":true,"href":"https:\/\/vagas.portalemprego.com.br\/index.php?rest_route=%2Fwp%2Fv2%2Fcategories&post=4973"},{"taxonomy":"post_tag","embeddable":true,"href":"https:\/\/vagas.portalemprego.com.br\/index.php?rest_route=%2Fwp%2Fv2%2Ftags&post=4973"}],"curies":[{"name":"wp","href":"https:\/\/api.w.org\/{rel}","templated":true}]}}