{"id":4978,"date":"2026-04-29T06:18:18","date_gmt":"2026-04-29T09:18:18","guid":{"rendered":"https:\/\/vagas.portalemprego.com.br\/?p=4978"},"modified":"2026-04-29T06:18:18","modified_gmt":"2026-04-29T09:18:18","slug":"vendedor-de-telecom-comercial-vendas-itaperuna","status":"publish","type":"post","link":"https:\/\/vagas.portalemprego.com.br\/?p=4978","title":{"rendered":"Vendedor de Telecom &#8211; Comercial, Vendas &#8211; Itaperuna"},"content":{"rendered":"<p>Ol\u00e1, pessoal!!<br \/>\nSe voc\u00ea \u00e9 apaixonado por desafios, comprometido, proativo, focado em resultados e clientes e quer crescer de verdade, seu lugar \u00e9 aqui!! <\/p>\n<p>Estamos com vagas para VENDEDOR em nossa loja em Maric\u00e1 &#8211; RJ! <\/p>\n<p>Somos a Fajuluti Telecom , 5\u00ba maior Agente Autorizado da Claro, n\u00edvel Brasil, com 43 lojas e em plena acelera\u00e7\u00e3o. Aqui voc\u00ea tem oportunidade real de crescimento e desenvolvimento de carreira! <\/p>\n<p>Se voc\u00ea se identifica, venha fazer parte de nosso time! <\/p>\n<p>Requisitos: <\/p>\n<p>?? Ensino m\u00e9dio completo<br \/>\n?? Experi\u00eancia com vendas no varejo ou telefonia<br \/>\n?? Boa comunica\u00e7\u00e3o, agilidade e foco total no cliente<br \/>\n?? Perfil comercial, resiliente e movido por desafios<br \/>\n?? Viv\u00eancia com metas agressivas <\/p>\n<p>O que oferecemos: <\/p>\n<p>?? Sal\u00e1rio fixo<br \/>\n?? Premia\u00e7\u00f5es por performance no cart\u00e3o Caju, entre R$600,00 e R$1.200,00<br \/>\n??? Vale Refei\u00e7\u00e3o ou Alimenta\u00e7\u00e3o (voc\u00ea escolhe): R$13,00\/dia<br \/>\n?? Seguro de vida<br \/>\n?????? Wellhub (antigo Gympass)<br \/>\n?? Desconto em farm\u00e1cia (R$150,00\/m\u00eas)<br \/>\n?? Pluxee Cuida (apoio psicol\u00f3gico, financeiro, social, nutricional e jur\u00eddico)<br \/>\n?? Plano de carreira com crescimento real<br \/>\n?? Campanhas motivacionais \u2013 R$200,00\/m\u00eas por assiduidade<br \/>\n?? Vale Transporte<br \/>\n?? Treinamento e Capacita\u00e7\u00e3o Cont\u00ednua<br \/>\n? Hor\u00e1rio de trabalho: 6 x 1 ou 44 horas semanais <\/p>\n<p>?? O que voc\u00ea precisa?<br \/>\n* Vontade de vencer *Foco em resultados *Boa comunica\u00e7\u00e3o*Residir no Rio de Janeiro (Centro, Zona Sul, Zona Norte)<\/p>\n<ul>\n<li>Local de trabalho: Itaperuna, RJ<\/li>\n<li>Regime de contrata\u00e7\u00e3o de tipo: Efetivo \u2013 CLT<\/li>\n<li>Jornada: Per\u00edodo Integral<\/li>\n<li>\u00c1rea e especializa\u00e7\u00e3o profissional: Comercial, Vendas &#8211; Lojas \/ Shopping<\/li>\n<li>N\u00edvel hier\u00e1rquico: Operacional<\/li>\n<\/ul>\n<p>VALORIZADO<\/p>\n<p>Tempo de experi\u00eancia: Entre 1 e 3 anos<\/p>\n<p>HABILIDADES<\/p>\n<ul>\n<li>Atitude positiva<\/li>\n<li>Dinamismo<\/li>\n<li>Excel\u00eancia no atendimento<\/li>\n<li>Comprometimento<\/li>\n<li>Ambi\u00e7\u00e3o<\/li>\n<\/ul>\n<p>Escolaridade M\u00ednima: Ensino M\u00e9dio (2\u00ba Grau)<\/p>\n<ul>\n<li>Vale refei\u00e7\u00e3o<\/li>\n<li>Premia\u00e7\u00e3o<\/li>\n<li>Vale transporte<\/li>\n<li>Vale alimenta\u00e7\u00e3o<\/li>\n<li>Aux\u00edlio  combust\u00edvel<\/li>\n<li>Aux\u00edlio farm\u00e1cia<\/li>\n<li>Seguro de Vida<\/li>\n<li>Pluxee Cuida<\/li>\n<\/ul>\n<p>Sal\u00e1rio: 1583,0<\/p>\n","protected":false},"excerpt":{"rendered":"<p>Ol\u00e1, pessoal!! Se voc\u00ea \u00e9 apaixonado por desafios, comprometido, proativo, focado em resultados e clientes e quer crescer de verdade, seu lugar \u00e9 aqui!! Estamos com vagas para VENDEDOR em nossa loja em Maric\u00e1 &#8211; RJ! Somos a Fajuluti Telecom , 5\u00ba maior Agente Autorizado da Claro, n\u00edvel Brasil, com 43 lojas e em plena [&hellip;]<\/p>\n","protected":false},"author":1,"featured_media":0,"comment_status":"open","ping_status":"open","sticky":false,"template":"","format":"standard","meta":{"footnotes":""},"categories":[21],"tags":[],"class_list":["post-4978","post","type-post","status-publish","format-standard","hentry","category-rio-de-janeiro-rj"],"_links":{"self":[{"href":"https:\/\/vagas.portalemprego.com.br\/index.php?rest_route=\/wp\/v2\/posts\/4978","targetHints":{"allow":["GET"]}}],"collection":[{"href":"https:\/\/vagas.portalemprego.com.br\/index.php?rest_route=\/wp\/v2\/posts"}],"about":[{"href":"https:\/\/vagas.portalemprego.com.br\/index.php?rest_route=\/wp\/v2\/types\/post"}],"author":[{"embeddable":true,"href":"https:\/\/vagas.portalemprego.com.br\/index.php?rest_route=\/wp\/v2\/users\/1"}],"replies":[{"embeddable":true,"href":"https:\/\/vagas.portalemprego.com.br\/index.php?rest_route=%2Fwp%2Fv2%2Fcomments&post=4978"}],"version-history":[{"count":0,"href":"https:\/\/vagas.portalemprego.com.br\/index.php?rest_route=\/wp\/v2\/posts\/4978\/revisions"}],"wp:attachment":[{"href":"https:\/\/vagas.portalemprego.com.br\/index.php?rest_route=%2Fwp%2Fv2%2Fmedia&parent=4978"}],"wp:term":[{"taxonomy":"category","embeddable":true,"href":"https:\/\/vagas.portalemprego.com.br\/index.php?rest_route=%2Fwp%2Fv2%2Fcategories&post=4978"},{"taxonomy":"post_tag","embeddable":true,"href":"https:\/\/vagas.portalemprego.com.br\/index.php?rest_route=%2Fwp%2Fv2%2Ftags&post=4978"}],"curies":[{"name":"wp","href":"https:\/\/api.w.org\/{rel}","templated":true}]}}