{"id":4979,"date":"2026-04-29T06:18:18","date_gmt":"2026-04-29T09:18:18","guid":{"rendered":"https:\/\/vagas.portalemprego.com.br\/?p=4979"},"modified":"2026-04-29T06:18:18","modified_gmt":"2026-04-29T09:18:18","slug":"auxiliar-de-logistica-pcd-logistica-belford-roxo","status":"publish","type":"post","link":"https:\/\/vagas.portalemprego.com.br\/?p=4979","title":{"rendered":"Auxiliar de Logistica (PCD) &#8211; Log\u00edstica &#8211; Belford Roxo"},"content":{"rendered":"<p>Vaga exclusiva para pessoas com defici\u00eancia (PCD)<\/p>\n<p>Responsabilidades:<br \/>\nRecebimento de produtos<br \/>\nBipagem de mercadorias<br \/>\nConfer\u00eancia de materiais<br \/>\nOrganiza\u00e7\u00e3o do Centro de Distribui\u00e7\u00e3o (CD)<br \/>\nOrganiza\u00e7\u00e3o e controle de estoque<br \/>\nSepara\u00e7\u00e3o de pedidos<br \/>\nExpedi\u00e7\u00e3o de mercadorias<br \/>\nRequisitos:<br \/>\nEnsino m\u00e9dio completo<br \/>\nExperi\u00eancia na \u00e1rea de log\u00edstica ser\u00e1 considerada um diferencial<br \/>\nBenef\u00edcios<br \/>\n\u2022 Assist\u00eancia M\u00e9dica &#8211; Coparticipa\u00e7\u00e3o com mensalidade fixa de $34,73 (titular &#8211; enfermaria) e $112,88 (titular &#8211; particular), sendo extensivo a dependentes com valores a parir de $289,40.<br \/>\n\u2022 Odontol\u00f3gica &#8211; Servi\u00e7os e descontos proporcionais ao plano escolhido, sendo valores a partir de $14,80<br \/>\n\u2022 Wellhub &#8211; Servi\u00e7os e descontos proporcionais ao plano escolhido, a partir de $28,00<br \/>\n\u2022 Vale Alimenta\u00e7\u00e3o e Vale Refei\u00e7\u00e3o<br \/>\n\u2022 Vale Transporte conforme os dias trabalhados ou Auxilio combust\u00edvel: valor do deslocamento * fator multiplicador dias \u00fateis do m\u00eas<br \/>\n\u2022 Seguro de Vida em Grupo e Aux\u00edlio Funeral &#8211;<br \/>\n\u2022 Conv\u00eanio com Farm\u00e1cias parceiras &#8211; Cr\u00e9dito limitado a $150,00 com descontos diretamente no contracheque<br \/>\n\u2022 Conv\u00eanio SESC<br \/>\n\u2022 Day-Off no m\u00eas do seu anivers\u00e1rio<br \/>\n\u2022 Universidade Corporativa \u2013<\/p>\n<ul>\n<li>Local de trabalho: Belford Roxo, RJ<\/li>\n<li>Regime de contrata\u00e7\u00e3o de tipo: Efetivo \u2013 CLT<\/li>\n<li>Jornada: Per\u00edodo Integral<\/li>\n<li>\u00c1rea e especializa\u00e7\u00e3o profissional: Log\u00edstica &#8211; Distribui\u00e7\u00e3o, Recebimento e Expedi\u00e7\u00e3o<\/li>\n<li>N\u00edvel hier\u00e1rquico: Auxiliar<\/li>\n<\/ul>\n<p>Escolaridade M\u00ednima: Ensino M\u00e9dio (2\u00ba Grau)<\/p>\n<p>Sal\u00e1rio: 1800,0<\/p>\n","protected":false},"excerpt":{"rendered":"<p>Vaga exclusiva para pessoas com defici\u00eancia (PCD) Responsabilidades: Recebimento de produtos Bipagem de mercadorias Confer\u00eancia de materiais Organiza\u00e7\u00e3o do Centro de Distribui\u00e7\u00e3o (CD) Organiza\u00e7\u00e3o e controle de estoque Separa\u00e7\u00e3o de pedidos Expedi\u00e7\u00e3o de mercadorias Requisitos: Ensino m\u00e9dio completo Experi\u00eancia na \u00e1rea de log\u00edstica ser\u00e1 considerada um diferencial Benef\u00edcios \u2022 Assist\u00eancia M\u00e9dica &#8211; Coparticipa\u00e7\u00e3o com mensalidade [&hellip;]<\/p>\n","protected":false},"author":1,"featured_media":0,"comment_status":"open","ping_status":"open","sticky":false,"template":"","format":"standard","meta":{"footnotes":""},"categories":[21],"tags":[],"class_list":["post-4979","post","type-post","status-publish","format-standard","hentry","category-rio-de-janeiro-rj"],"_links":{"self":[{"href":"https:\/\/vagas.portalemprego.com.br\/index.php?rest_route=\/wp\/v2\/posts\/4979","targetHints":{"allow":["GET"]}}],"collection":[{"href":"https:\/\/vagas.portalemprego.com.br\/index.php?rest_route=\/wp\/v2\/posts"}],"about":[{"href":"https:\/\/vagas.portalemprego.com.br\/index.php?rest_route=\/wp\/v2\/types\/post"}],"author":[{"embeddable":true,"href":"https:\/\/vagas.portalemprego.com.br\/index.php?rest_route=\/wp\/v2\/users\/1"}],"replies":[{"embeddable":true,"href":"https:\/\/vagas.portalemprego.com.br\/index.php?rest_route=%2Fwp%2Fv2%2Fcomments&post=4979"}],"version-history":[{"count":0,"href":"https:\/\/vagas.portalemprego.com.br\/index.php?rest_route=\/wp\/v2\/posts\/4979\/revisions"}],"wp:attachment":[{"href":"https:\/\/vagas.portalemprego.com.br\/index.php?rest_route=%2Fwp%2Fv2%2Fmedia&parent=4979"}],"wp:term":[{"taxonomy":"category","embeddable":true,"href":"https:\/\/vagas.portalemprego.com.br\/index.php?rest_route=%2Fwp%2Fv2%2Fcategories&post=4979"},{"taxonomy":"post_tag","embeddable":true,"href":"https:\/\/vagas.portalemprego.com.br\/index.php?rest_route=%2Fwp%2Fv2%2Ftags&post=4979"}],"curies":[{"name":"wp","href":"https:\/\/api.w.org\/{rel}","templated":true}]}}