{"id":4984,"date":"2026-04-29T06:18:18","date_gmt":"2026-04-29T09:18:18","guid":{"rendered":"https:\/\/vagas.portalemprego.com.br\/?p=4984"},"modified":"2026-04-29T06:18:18","modified_gmt":"2026-04-29T09:18:18","slug":"corretor-de-imoveis-mrv-comercial-vendas-duque-de-caxias-2","status":"publish","type":"post","link":"https:\/\/vagas.portalemprego.com.br\/?p=4984","title":{"rendered":"Corretor de Im\u00f3veis MRV &#8211; Comercial, Vendas &#8211; Duque de Caxias"},"content":{"rendered":"<p>Oportunidade de Carreira em Imobili\u00e1ria MRV &amp; CO<br \/>\nEstamos em busca de um profissional din\u00e2mico e com experi\u00eancia em corretagem de im\u00f3veis para se juntar \u00e0 nossa equipe na MRV &amp; CO. Se voc\u00ea tem paix\u00e3o pelo mercado imobili\u00e1rio e busca um ambiente que valorize seu talento e comprometimento, esta \u00e9 a oportunidade perfeita para voc\u00ea.<br \/>\nComo Corretor de Im\u00f3veis na MRV &amp; CO, voc\u00ea ser\u00e1 respons\u00e1vel por identificar e atender \u00e0s necessidades de nossos clientes, auxiliando na busca por im\u00f3veis que atendam \u00e0s suas expectativas. Seu papel ser\u00e1 fundamental para garantir que cada cliente tenha uma experi\u00eancia inesquec\u00edvel em sua jornada de compra ou venda de im\u00f3veis.<br \/>\nVoc\u00ea deve ter uma excelente comunica\u00e7\u00e3o, capacidade de negocia\u00e7\u00e3o e uma forte \u00e9tica de trabalho. Experi\u00eancia pr\u00e9via em corretagem de im\u00f3veis \u00e9 um diferencial, mas n\u00e3o \u00e9 obrigat\u00f3ria, pois oferecemos treinamento e suporte para que voc\u00ea se desenvolva em todas as \u00e1reas necess\u00e1rias.<br \/>\nAl\u00e9m de uma remunera\u00e7\u00e3o competitiva, oferecemos benef\u00edcios como comiss\u00f5es sobre vendas, programas de incentivos e um ambiente de trabalho colaborativo e motivador. Se voc\u00ea est\u00e1 pronto para fazer parte de uma equipe que se destaca no mercado imobili\u00e1rio, candidate-se agora e fa\u00e7a parte dessa jornada de sucesso.<br \/>\nJunte-se \u00e0 MRV &amp; CO e contribua para transformar sonhos em realidades. Seu futuro no mercado imobili\u00e1rio come\u00e7a aqui!<\/p>\n<ul>\n<li>N\u00famero de vagas: 15<\/li>\n<li>Local de trabalho: Duque de Caxias, RJ<\/li>\n<li>Regime de contrata\u00e7\u00e3o de tipo: Prestador de Servi\u00e7os (PJ)<\/li>\n<li>Jornada: Per\u00edodo Integral<\/li>\n<li>\u00c1rea e especializa\u00e7\u00e3o profissional: Comercial, Vendas &#8211; Corretagem<\/li>\n<li>N\u00edvel hier\u00e1rquico: Consultor<\/li>\n<\/ul>\n<p>VALORIZADO<\/p>\n<p>Tempo de experi\u00eancia: Entre 1 e 3 anos<\/p>\n<p>Escolaridade M\u00ednima: Ensino M\u00e9dio (2\u00ba Grau)<\/p>\n","protected":false},"excerpt":{"rendered":"<p>Oportunidade de Carreira em Imobili\u00e1ria MRV &amp; CO Estamos em busca de um profissional din\u00e2mico e com experi\u00eancia em corretagem de im\u00f3veis para se juntar \u00e0 nossa equipe na MRV &amp; CO. Se voc\u00ea tem paix\u00e3o pelo mercado imobili\u00e1rio e busca um ambiente que valorize seu talento e comprometimento, esta \u00e9 a oportunidade perfeita para [&hellip;]<\/p>\n","protected":false},"author":1,"featured_media":0,"comment_status":"open","ping_status":"open","sticky":false,"template":"","format":"standard","meta":{"footnotes":""},"categories":[21],"tags":[],"class_list":["post-4984","post","type-post","status-publish","format-standard","hentry","category-rio-de-janeiro-rj"],"_links":{"self":[{"href":"https:\/\/vagas.portalemprego.com.br\/index.php?rest_route=\/wp\/v2\/posts\/4984","targetHints":{"allow":["GET"]}}],"collection":[{"href":"https:\/\/vagas.portalemprego.com.br\/index.php?rest_route=\/wp\/v2\/posts"}],"about":[{"href":"https:\/\/vagas.portalemprego.com.br\/index.php?rest_route=\/wp\/v2\/types\/post"}],"author":[{"embeddable":true,"href":"https:\/\/vagas.portalemprego.com.br\/index.php?rest_route=\/wp\/v2\/users\/1"}],"replies":[{"embeddable":true,"href":"https:\/\/vagas.portalemprego.com.br\/index.php?rest_route=%2Fwp%2Fv2%2Fcomments&post=4984"}],"version-history":[{"count":0,"href":"https:\/\/vagas.portalemprego.com.br\/index.php?rest_route=\/wp\/v2\/posts\/4984\/revisions"}],"wp:attachment":[{"href":"https:\/\/vagas.portalemprego.com.br\/index.php?rest_route=%2Fwp%2Fv2%2Fmedia&parent=4984"}],"wp:term":[{"taxonomy":"category","embeddable":true,"href":"https:\/\/vagas.portalemprego.com.br\/index.php?rest_route=%2Fwp%2Fv2%2Fcategories&post=4984"},{"taxonomy":"post_tag","embeddable":true,"href":"https:\/\/vagas.portalemprego.com.br\/index.php?rest_route=%2Fwp%2Fv2%2Ftags&post=4984"}],"curies":[{"name":"wp","href":"https:\/\/api.w.org\/{rel}","templated":true}]}}