{"id":4985,"date":"2026-04-29T06:18:18","date_gmt":"2026-04-29T09:18:18","guid":{"rendered":"https:\/\/vagas.portalemprego.com.br\/?p=4985"},"modified":"2026-04-29T06:18:18","modified_gmt":"2026-04-29T09:18:18","slug":"corretor-de-imoveis-mrv-comercial-vendas-nova-iguacu-2","status":"publish","type":"post","link":"https:\/\/vagas.portalemprego.com.br\/?p=4985","title":{"rendered":"Corretor de Im\u00f3veis MRV &#8211; Comercial, Vendas &#8211; Nova Igua\u00e7u"},"content":{"rendered":"<p>Oportunidade de carreira na MRV &amp; CO como Corretor de Im\u00f3veis<br \/>\nEstamos em busca de um profissional din\u00e2mico e com experi\u00eancia comprovada na \u00e1rea imobili\u00e1ria para se juntar ao nosso time na MRV &amp; CO. Se voc\u00ea tem paix\u00e3o por vendas, excelente comunica\u00e7\u00e3o e busca um ambiente de trabalho que valoriza o crescimento profissional, esta \u00e9 a oportunidade perfeita para voc\u00ea.<br \/>\nComo Corretor de Im\u00f3veis na MRV &amp; CO, voc\u00ea ser\u00e1 respons\u00e1vel por atuar na venda de empreendimentos residenciais, atendendo clientes com alta qualidade e comprometimento. Seu papel \u00e9 fundamental para garantir que cada cliente tenha uma experi\u00eancia inesquec\u00edvel ao adquirir seu novo lar.<br \/>\nVoc\u00ea deve ter experi\u00eancia pr\u00e9via em vendas de im\u00f3veis, com um hist\u00f3rico de sucesso em fechamento de neg\u00f3cios. Al\u00e9m disso, \u00e9 essencial que voc\u00ea possua habilidades de negocia\u00e7\u00e3o, capacidade de resolu\u00e7\u00e3o de problemas e uma forte orienta\u00e7\u00e3o para o cliente.<br \/>\nA MRV &amp; CO oferece um ambiente de trabalho desafiador e inspirador, onde voc\u00ea ter\u00e1 a oportunidade de fazer parte de um time vencedor e contribuir para o crescimento da empresa. Voc\u00ea ser\u00e1 apoiado com treinamentos cont\u00ednuos e ter\u00e1 acesso a ferramentas de marketing e suporte t\u00e9cnico para maximizar suas vendas.<br \/>\nSe voc\u00ea \u00e9 um profissional ambicioso, que busca um ambiente que valorize o trabalho \u00e1rduo e reconhe\u00e7a o sucesso, esta \u00e9 a chance perfeita para voc\u00ea. Junte-se \u00e0 MRV &amp; CO e fa\u00e7a parte de uma equipe que transforma sonhos em realidade.<br \/>\nA MRV &amp; CO \u00e9 uma empresa que preza pela \u00e9tica, inova\u00e7\u00e3o e sustentabilidade, e busca sempre oferecer os melhores produtos e servi\u00e7os para seus clientes. Venha fazer parte dessa jornada e contribua para o nosso sucesso conjunto.<br \/>\nAguardamos seu curr\u00edculo para que possamos conhecer mais sobre voc\u00ea e avaliar como voc\u00ea pode ser um valioso membro da nossa equipe.<\/p>\n<ul>\n<li>N\u00famero de vagas: 15<\/li>\n<li>Local de trabalho: Nova Igua\u00e7u, RJ<\/li>\n<li>Regime de contrata\u00e7\u00e3o de tipo: Prestador de Servi\u00e7os (PJ)<\/li>\n<li>Jornada: Per\u00edodo Integral<\/li>\n<li>\u00c1rea e especializa\u00e7\u00e3o profissional: Comercial, Vendas &#8211; Corretagem<\/li>\n<li>N\u00edvel hier\u00e1rquico: Consultor<\/li>\n<\/ul>\n<p>VALORIZADO<\/p>\n<p>Tempo de experi\u00eancia: Entre 1 e 3 anos<\/p>\n<p>Escolaridade M\u00ednima: Ensino M\u00e9dio (2\u00ba Grau)<\/p>\n","protected":false},"excerpt":{"rendered":"<p>Oportunidade de carreira na MRV &amp; CO como Corretor de Im\u00f3veis Estamos em busca de um profissional din\u00e2mico e com experi\u00eancia comprovada na \u00e1rea imobili\u00e1ria para se juntar ao nosso time na MRV &amp; CO. Se voc\u00ea tem paix\u00e3o por vendas, excelente comunica\u00e7\u00e3o e busca um ambiente de trabalho que valoriza o crescimento profissional, esta [&hellip;]<\/p>\n","protected":false},"author":1,"featured_media":0,"comment_status":"open","ping_status":"open","sticky":false,"template":"","format":"standard","meta":{"footnotes":""},"categories":[21],"tags":[],"class_list":["post-4985","post","type-post","status-publish","format-standard","hentry","category-rio-de-janeiro-rj"],"_links":{"self":[{"href":"https:\/\/vagas.portalemprego.com.br\/index.php?rest_route=\/wp\/v2\/posts\/4985","targetHints":{"allow":["GET"]}}],"collection":[{"href":"https:\/\/vagas.portalemprego.com.br\/index.php?rest_route=\/wp\/v2\/posts"}],"about":[{"href":"https:\/\/vagas.portalemprego.com.br\/index.php?rest_route=\/wp\/v2\/types\/post"}],"author":[{"embeddable":true,"href":"https:\/\/vagas.portalemprego.com.br\/index.php?rest_route=\/wp\/v2\/users\/1"}],"replies":[{"embeddable":true,"href":"https:\/\/vagas.portalemprego.com.br\/index.php?rest_route=%2Fwp%2Fv2%2Fcomments&post=4985"}],"version-history":[{"count":0,"href":"https:\/\/vagas.portalemprego.com.br\/index.php?rest_route=\/wp\/v2\/posts\/4985\/revisions"}],"wp:attachment":[{"href":"https:\/\/vagas.portalemprego.com.br\/index.php?rest_route=%2Fwp%2Fv2%2Fmedia&parent=4985"}],"wp:term":[{"taxonomy":"category","embeddable":true,"href":"https:\/\/vagas.portalemprego.com.br\/index.php?rest_route=%2Fwp%2Fv2%2Fcategories&post=4985"},{"taxonomy":"post_tag","embeddable":true,"href":"https:\/\/vagas.portalemprego.com.br\/index.php?rest_route=%2Fwp%2Fv2%2Ftags&post=4985"}],"curies":[{"name":"wp","href":"https:\/\/api.w.org\/{rel}","templated":true}]}}