{"id":4988,"date":"2026-04-29T06:19:19","date_gmt":"2026-04-29T09:19:19","guid":{"rendered":"https:\/\/vagas.portalemprego.com.br\/?p=4988"},"modified":"2026-04-29T06:19:19","modified_gmt":"2026-04-29T09:19:19","slug":"operador-de-loja-cozinha-12x36-alimentacao-gastronomia-rio-de-janeiro","status":"publish","type":"post","link":"https:\/\/vagas.portalemprego.com.br\/?p=4988","title":{"rendered":"Operador de Loja (Cozinha) 12&#215;36 &#8211; Alimenta\u00e7\u00e3o \/ Gastronomia &#8211; Rio de Janeiro"},"content":{"rendered":"<p>A 2V \u00e9 uma marca de conveni\u00eancia do Grupo Trigo, nascida na zona sul do Rio de Janeiro com o objetivo de se tornar refer\u00eancia entre os cariocas. Com um mix variado de produtos, como drinks, pokes e sorvetes diferent\u00f5es, a marca vem transformando a experi\u00eancia de quem frequenta lojas de conveni\u00eancia. <\/p>\n<p>Buscamos pessoas entusiasmadas, comunicativas, proativas e que gostem de trabalhar em equipe. A empresa oferece treinamentos, ambiente din\u00e2mico e oportunidades reais de crescimento. <\/p>\n<p>* Responsabilidades e atribui\u00e7\u00f5es:<br \/>\n\u2022 Pr\u00e9-preparo de alimentos: Higienizar, cortar e organizar ingredientes conforme orienta\u00e7\u00e3o do s l\u00edderes;<br \/>\n\u2022 Apoio no preparo: Auxiliar na elabora\u00e7\u00e3o de pratos simples e montagem de refei\u00e7\u00f5es;<br \/>\n\u2022 Limpeza e organiza\u00e7\u00e3o: Manter a cozinha, utens\u00edlios e equipamentos limpos e organizados;<br \/>\n\u2022 Controle de estoque: Auxiliar na recep\u00e7\u00e3o, confer\u00eancia e armazenamento de insumos;<br \/>\n\u2022 Cumprimento de normas: Seguir as normas de higiene, seguran\u00e7a e boas pr\u00e1ticas de manipula\u00e7\u00e3o de alimentos.<\/p>\n<p>* Requisitos e qualifica\u00e7\u00f5es:<br \/>\n\u2022\u00a0Ensino M\u00e9dio completo;<br \/>\n\u2022\u00a0Gostar de atendimento \u00e9 fundamental;<br \/>\n\u2022\u00a0Experi\u00eancia na fun\u00e7\u00e3o ou em \u00e1reas afins \u00e9 um diferencial;<br \/>\n\u2022\u00a0Disponibilidade para trabalhar na escala 12&#215;36;<br \/>\n\u2022\u00a0 Ser comunicativo, proativo e ter muita vontade de crescer.<\/p>\n<ul>\n<li>Local de trabalho: Rio de Janeiro, RJ<\/li>\n<li>Regime de contrata\u00e7\u00e3o de tipo: Efetivo \u2013 CLT<\/li>\n<li>Jornada: Per\u00edodo Integral<\/li>\n<li>\u00c1rea e especializa\u00e7\u00e3o profissional: Alimenta\u00e7\u00e3o \/ Gastronomia &#8211; Cozinha<\/li>\n<li>N\u00edvel hier\u00e1rquico: Operacional<\/li>\n<\/ul>\n<p>Escolaridade M\u00ednima: Ensino M\u00e9dio (2\u00ba Grau)<\/p>\n<ul>\n<li>Gympass<\/li>\n<li>Seguro de Vida<\/li>\n<li>Aux\u00edlio Farm\u00e1cia<\/li>\n<li>Vale Refei\u00e7\u00e3o<\/li>\n<li>Vale Transporte<\/li>\n<\/ul>\n<p>Sal\u00e1rio: 1648,5<\/p>\n","protected":false},"excerpt":{"rendered":"<p>A 2V \u00e9 uma marca de conveni\u00eancia do Grupo Trigo, nascida na zona sul do Rio de Janeiro com o objetivo de se tornar refer\u00eancia entre os cariocas. Com um mix variado de produtos, como drinks, pokes e sorvetes diferent\u00f5es, a marca vem transformando a experi\u00eancia de quem frequenta lojas de conveni\u00eancia. Buscamos pessoas entusiasmadas, [&hellip;]<\/p>\n","protected":false},"author":1,"featured_media":0,"comment_status":"open","ping_status":"open","sticky":false,"template":"","format":"standard","meta":{"footnotes":""},"categories":[21],"tags":[],"class_list":["post-4988","post","type-post","status-publish","format-standard","hentry","category-rio-de-janeiro-rj"],"_links":{"self":[{"href":"https:\/\/vagas.portalemprego.com.br\/index.php?rest_route=\/wp\/v2\/posts\/4988","targetHints":{"allow":["GET"]}}],"collection":[{"href":"https:\/\/vagas.portalemprego.com.br\/index.php?rest_route=\/wp\/v2\/posts"}],"about":[{"href":"https:\/\/vagas.portalemprego.com.br\/index.php?rest_route=\/wp\/v2\/types\/post"}],"author":[{"embeddable":true,"href":"https:\/\/vagas.portalemprego.com.br\/index.php?rest_route=\/wp\/v2\/users\/1"}],"replies":[{"embeddable":true,"href":"https:\/\/vagas.portalemprego.com.br\/index.php?rest_route=%2Fwp%2Fv2%2Fcomments&post=4988"}],"version-history":[{"count":0,"href":"https:\/\/vagas.portalemprego.com.br\/index.php?rest_route=\/wp\/v2\/posts\/4988\/revisions"}],"wp:attachment":[{"href":"https:\/\/vagas.portalemprego.com.br\/index.php?rest_route=%2Fwp%2Fv2%2Fmedia&parent=4988"}],"wp:term":[{"taxonomy":"category","embeddable":true,"href":"https:\/\/vagas.portalemprego.com.br\/index.php?rest_route=%2Fwp%2Fv2%2Fcategories&post=4988"},{"taxonomy":"post_tag","embeddable":true,"href":"https:\/\/vagas.portalemprego.com.br\/index.php?rest_route=%2Fwp%2Fv2%2Ftags&post=4988"}],"curies":[{"name":"wp","href":"https:\/\/api.w.org\/{rel}","templated":true}]}}