{"id":4989,"date":"2026-04-29T06:19:19","date_gmt":"2026-04-29T09:19:19","guid":{"rendered":"https:\/\/vagas.portalemprego.com.br\/?p=4989"},"modified":"2026-04-29T06:19:19","modified_gmt":"2026-04-29T09:19:19","slug":"sepultador-servicos-gerais-niteroi","status":"publish","type":"post","link":"https:\/\/vagas.portalemprego.com.br\/?p=4989","title":{"rendered":"Sepultador &#8211; Servi\u00e7os Gerais &#8211; Niter\u00f3i"},"content":{"rendered":"<p>N\u00d3S QUEREMOS VOC\u00ca NO NOSSO TIME!<\/p>\n<p>Temos orgulho em dizer que compomos um time de mais de 4000 colaboradores atuando em sinergia em mais de 150 cidades, e que somos os protagonistas da constru\u00e7\u00e3o do Grupo e sua evolu\u00e7\u00e3o.<br \/>\nPara cumprir nossa miss\u00e3o, precisamos de pessoas que tenham prazer em servir, que inspiram e transformam.<br \/>\nPor aqui, temos como miss\u00e3o inspirar zelo em todos os momentos, isso significa respeitar e promover a diversidade e a inclus\u00e3o em todas as vagas. <\/p>\n<p>VEM SER GRUPO ZELO!<br \/>\nLembrando que todas as nossas vagas s\u00e3o extensivas para PcD.<\/p>\n<p>O QUE VOC\u00ca IR\u00c1 FAZER:<br \/>\n\u2022\tRealizar a retirada de das tampas dos jazigos para exuma\u00e7\u00e3o ou sepultamentos, utilizando ferramentas adequadas.<br \/>\n\u2022\tRealizar a manuten\u00e7\u00e3o dos jazigos, efetuando a troca de tampas ou laterais danificadas, drenagem, veda\u00e7\u00e3o e pintura.<br \/>\n\u2022\tApoiar a manuten\u00e7\u00e3o do cemit\u00e9rio, realizando o plantio de grama, retirada de terra quando necess\u00e1rio.<br \/>\n\u2022\tExumar os restos mortais presentes no jazigo quando h\u00e1 necessidade de retirada dos ossos e depositar em caixa de polietileno.<br \/>\n\u2022\tRealizar o descarte correto dos res\u00edduos das manuten\u00e7\u00f5es, sepultamentos e exuma\u00e7\u00f5es.<br \/>\n\u2022\tRealizar a retirada da urna dos vel\u00f3rios e o traslado at\u00e9 o jazigo para sepultamento, utilizando carrinho el\u00e9trico ou manual.<br \/>\n\u2022\tRealizar o sepultamento com o aux\u00edlio de ferramentas ou m\u00e1quinas e fechar o jazigo.<br \/>\n\u2022\tRealizar a recoloca\u00e7\u00e3o da terra e grama dos jazigos, utilizando ferramentas apropriadas.<br \/>\n\u2022\tManter o local e as ferramentas de trabalho em boas condi\u00e7\u00f5es.<\/p>\n<p>O QUE PRECISAMOS:<br \/>\n\u2022\tEnsino Fundamental Incompleto<br \/>\n\u2022\tPr\u00e1tica com servi\u00e7os bra\u00e7ais<\/p>\n<p>DESEJ\u00c1VEL:<br \/>\n\u2022\tConhecimento pr\u00e1tico no ramo funer\u00e1rio<br \/>\nESTA VAGA TEM TUDO A VER COM VOC\u00ca ? SE INSCREVA E VENHA FAZER PARTE DESSE TIME DE SUCESSO!<\/p>\n<ul>\n<li>Local de trabalho: Niter\u00f3i, RJ<\/li>\n<li>Regime de contrata\u00e7\u00e3o de tipo: Efetivo \u2013 CLT<\/li>\n<li>Jornada: Per\u00edodo Integral<\/li>\n<li>\u00c1rea e especializa\u00e7\u00e3o profissional: Servi\u00e7os Gerais &#8211; Jardinagem<\/li>\n<li>N\u00edvel hier\u00e1rquico: Operacional<\/li>\n<\/ul>\n<p>HABILIDADES<\/p>\n<ul>\n<li>Trabalho em equipe<\/li>\n<li>Flexibilidade<\/li>\n<\/ul>\n<p>Escolaridade M\u00ednima: Ensino Fundamental (1\u00ba grau)<\/p>\n<ul>\n<li>Informado durante a entrevista<\/li>\n<\/ul>\n","protected":false},"excerpt":{"rendered":"<p>N\u00d3S QUEREMOS VOC\u00ca NO NOSSO TIME! Temos orgulho em dizer que compomos um time de mais de 4000 colaboradores atuando em sinergia em mais de 150 cidades, e que somos os protagonistas da constru\u00e7\u00e3o do Grupo e sua evolu\u00e7\u00e3o. Para cumprir nossa miss\u00e3o, precisamos de pessoas que tenham prazer em servir, que inspiram e transformam. [&hellip;]<\/p>\n","protected":false},"author":1,"featured_media":0,"comment_status":"open","ping_status":"open","sticky":false,"template":"","format":"standard","meta":{"footnotes":""},"categories":[21],"tags":[],"class_list":["post-4989","post","type-post","status-publish","format-standard","hentry","category-rio-de-janeiro-rj"],"_links":{"self":[{"href":"https:\/\/vagas.portalemprego.com.br\/index.php?rest_route=\/wp\/v2\/posts\/4989","targetHints":{"allow":["GET"]}}],"collection":[{"href":"https:\/\/vagas.portalemprego.com.br\/index.php?rest_route=\/wp\/v2\/posts"}],"about":[{"href":"https:\/\/vagas.portalemprego.com.br\/index.php?rest_route=\/wp\/v2\/types\/post"}],"author":[{"embeddable":true,"href":"https:\/\/vagas.portalemprego.com.br\/index.php?rest_route=\/wp\/v2\/users\/1"}],"replies":[{"embeddable":true,"href":"https:\/\/vagas.portalemprego.com.br\/index.php?rest_route=%2Fwp%2Fv2%2Fcomments&post=4989"}],"version-history":[{"count":0,"href":"https:\/\/vagas.portalemprego.com.br\/index.php?rest_route=\/wp\/v2\/posts\/4989\/revisions"}],"wp:attachment":[{"href":"https:\/\/vagas.portalemprego.com.br\/index.php?rest_route=%2Fwp%2Fv2%2Fmedia&parent=4989"}],"wp:term":[{"taxonomy":"category","embeddable":true,"href":"https:\/\/vagas.portalemprego.com.br\/index.php?rest_route=%2Fwp%2Fv2%2Fcategories&post=4989"},{"taxonomy":"post_tag","embeddable":true,"href":"https:\/\/vagas.portalemprego.com.br\/index.php?rest_route=%2Fwp%2Fv2%2Ftags&post=4989"}],"curies":[{"name":"wp","href":"https:\/\/api.w.org\/{rel}","templated":true}]}}