{"id":4990,"date":"2026-04-29T06:19:19","date_gmt":"2026-04-29T09:19:19","guid":{"rendered":"https:\/\/vagas.portalemprego.com.br\/?p=4990"},"modified":"2026-04-29T06:19:19","modified_gmt":"2026-04-29T09:19:19","slug":"auxiliar-de-servicos-gerais-pcd-servicos-gerais-rio-de-janeiro-8","status":"publish","type":"post","link":"https:\/\/vagas.portalemprego.com.br\/?p=4990","title":{"rendered":"Auxiliar de Servi\u00e7os Gerais &#8211; PCD &#8211; Servi\u00e7os Gerais &#8211; Rio de Janeiro"},"content":{"rendered":"<p>Atividades:<br \/>\nExecutar atividades de limpeza dos locais nos diversos setores da empresa;<br \/>\nLimpar, lavar e\/ou higieniza todos os equipamentos da cozinha e refeit\u00f3rio e outros setores;<br \/>\nSolicitar reposi\u00e7\u00e3o de materiais sempre que necess\u00e1rio, mantendo limpo o local de estocagem;<br \/>\nRealizar a limpeza nas depend\u00eancias, remo\u00e7\u00e3o do lixo comum das lixeiras, higienizar\/lavar os banheiros;<br \/>\nSuporte em demais rotinas de limpeza.<\/p>\n<p>Requisitos:<br \/>\nDesej\u00e1vel experi\u00eancia com rotinas de servi\u00e7os gerais;<br \/>\nSer PCD (pessoa com defici\u00eancia) com laudo m\u00e9dico que ateste a defici\u00eancia.<\/p>\n<ul>\n<li>N\u00famero de vagas: 2<\/li>\n<li>Local de trabalho: Rio de Janeiro, RJ<\/li>\n<li>Regime de contrata\u00e7\u00e3o de tipo: Efetivo \u2013 CLT<\/li>\n<li>Jornada: Per\u00edodo Integral<\/li>\n<li>\u00c1rea e especializa\u00e7\u00e3o profissional: Servi\u00e7os Gerais &#8211; Limpeza<\/li>\n<li>N\u00edvel hier\u00e1rquico: Auxiliar<\/li>\n<\/ul>\n<p>Escolaridade M\u00ednima: Ensino Fundamental (1\u00ba grau)<\/p>\n<p>Sal\u00e1rio: 1700,0<\/p>\n","protected":false},"excerpt":{"rendered":"<p>Atividades: Executar atividades de limpeza dos locais nos diversos setores da empresa; Limpar, lavar e\/ou higieniza todos os equipamentos da cozinha e refeit\u00f3rio e outros setores; Solicitar reposi\u00e7\u00e3o de materiais sempre que necess\u00e1rio, mantendo limpo o local de estocagem; Realizar a limpeza nas depend\u00eancias, remo\u00e7\u00e3o do lixo comum das lixeiras, higienizar\/lavar os banheiros; Suporte em [&hellip;]<\/p>\n","protected":false},"author":1,"featured_media":0,"comment_status":"open","ping_status":"open","sticky":false,"template":"","format":"standard","meta":{"footnotes":""},"categories":[21],"tags":[],"class_list":["post-4990","post","type-post","status-publish","format-standard","hentry","category-rio-de-janeiro-rj"],"_links":{"self":[{"href":"https:\/\/vagas.portalemprego.com.br\/index.php?rest_route=\/wp\/v2\/posts\/4990","targetHints":{"allow":["GET"]}}],"collection":[{"href":"https:\/\/vagas.portalemprego.com.br\/index.php?rest_route=\/wp\/v2\/posts"}],"about":[{"href":"https:\/\/vagas.portalemprego.com.br\/index.php?rest_route=\/wp\/v2\/types\/post"}],"author":[{"embeddable":true,"href":"https:\/\/vagas.portalemprego.com.br\/index.php?rest_route=\/wp\/v2\/users\/1"}],"replies":[{"embeddable":true,"href":"https:\/\/vagas.portalemprego.com.br\/index.php?rest_route=%2Fwp%2Fv2%2Fcomments&post=4990"}],"version-history":[{"count":0,"href":"https:\/\/vagas.portalemprego.com.br\/index.php?rest_route=\/wp\/v2\/posts\/4990\/revisions"}],"wp:attachment":[{"href":"https:\/\/vagas.portalemprego.com.br\/index.php?rest_route=%2Fwp%2Fv2%2Fmedia&parent=4990"}],"wp:term":[{"taxonomy":"category","embeddable":true,"href":"https:\/\/vagas.portalemprego.com.br\/index.php?rest_route=%2Fwp%2Fv2%2Fcategories&post=4990"},{"taxonomy":"post_tag","embeddable":true,"href":"https:\/\/vagas.portalemprego.com.br\/index.php?rest_route=%2Fwp%2Fv2%2Ftags&post=4990"}],"curies":[{"name":"wp","href":"https:\/\/api.w.org\/{rel}","templated":true}]}}