{"id":4991,"date":"2026-04-29T06:19:19","date_gmt":"2026-04-29T09:19:19","guid":{"rendered":"https:\/\/vagas.portalemprego.com.br\/?p=4991"},"modified":"2026-04-29T06:19:19","modified_gmt":"2026-04-29T09:19:19","slug":"analista-fiscal-junior-contabil-financas-economia-rio-de-janeiro-2","status":"publish","type":"post","link":"https:\/\/vagas.portalemprego.com.br\/?p=4991","title":{"rendered":"Analista Fiscal Junior &#8211; Cont\u00e1bil, Finan\u00e7as, Economia &#8211; Rio de Janeiro"},"content":{"rendered":"<p>Responsabilidades<br \/>\nElaborar, revisar e transmitir declara\u00e7\u00f5es acess\u00f3rias, incluindo:<br \/>\nSPED Contribui\u00e7\u00f5es (PIS\/COFINS)<br \/>\nDCTFWeb<br \/>\nEFD-Reinf e MIT<br \/>\nPER\/DCOMP Web<br \/>\nObriga\u00e7\u00f5es estaduais espec\u00edficas<br \/>\nDeclara\u00e7\u00f5es municipais<br \/>\nRealizar a apura\u00e7\u00e3o de tributos, como:<br \/>\nPIS\/COFINS<br \/>\nIRPJ\/CSLL<br \/>\nISS<br \/>\nReten\u00e7\u00f5es na fonte (IRRF, INSS, PIS\/COFINS\/CSLL)<br \/>\nEmitir e conferir guias de pagamento: DARF, ISS e demais documentos fiscais.<br \/>\nRealizar a emiss\u00e3o, renova\u00e7\u00e3o e acompanhamento de Certid\u00f5es Negativas de D\u00e9bitos (federais, estaduais e municipais).<br \/>\nAcompanhar processos e pend\u00eancias junto a Receita Federal, SEFAZ, Prefeituras, PGFN e demais \u00f3rg\u00e3os p\u00fablicos.<br \/>\nConferir notas fiscais, validando tributa\u00e7\u00e3o, CFOP, al\u00edquotas e regras locais.<br \/>\nRealizar concilia\u00e7\u00f5es fiscais e apoio \u00e0 contabilidade.<br \/>\nOrganizar arquivos fiscais e preparar documenta\u00e7\u00e3o para auditorias.<br \/>\nMonitorar e interpretar altera\u00e7\u00f5es na legisla\u00e7\u00e3o tribut\u00e1ria.<br \/>\nOferecer suporte \u00e0s \u00e1reas interna e externa em demandas fiscais.<br \/>\nRequisitos<br \/>\nForma\u00e7\u00e3o em Ci\u00eancias Cont\u00e1beis e CRC ativo.<br \/>\nExperi\u00eancia pr\u00e9via em rotinas fiscais (n\u00edvel J\u00fanior ou Pleno, conforme perfil).<br \/>\nConhecimento das legisla\u00e7\u00f5es federal, estadual e municipal.<br \/>\nDom\u00ednio de sistemas de emiss\u00e3o de notas e plataformas de obriga\u00e7\u00f5es acess\u00f3rias.<br \/>\nExcel intermedi\u00e1rio a avan\u00e7ado.<br \/>\nOrganiza\u00e7\u00e3o, aten\u00e7\u00e3o aos detalhes e boa comunica\u00e7\u00e3o.<br \/>\nConhecimento quanto a reforma tribut\u00e1ria.<br \/>\nDiferenciais<br \/>\nViv\u00eancia com empresas da \u00e1rea da sa\u00fade.<br \/>\nExperi\u00eancia com plataformas de prefeituras (Sigiss, Nota Carioca, etc.).<br \/>\nConhecimento de sistemas integrados (ERP SAP).<br \/>\nParticipa\u00e7\u00e3o em auditorias.<\/p>\n<ul>\n<li>Local de trabalho: Rio de Janeiro, RJ<\/li>\n<li>Regime de contrata\u00e7\u00e3o de tipo: Efetivo \u2013 CLT<\/li>\n<li>Jornada: Per\u00edodo Integral<\/li>\n<li>\u00c1rea e especializa\u00e7\u00e3o profissional: Cont\u00e1bil, Finan\u00e7as, Economia &#8211; Fiscal<\/li>\n<li>N\u00edvel hier\u00e1rquico: Analista<\/li>\n<\/ul>\n<p>Escolaridade M\u00ednima: Ensino Superior<\/p>\n<p>Forma\u00e7\u00e3o desejada:<\/p>\n<ul>\n<li>Ci\u00eancias cont\u00e1beis, Ensino Superior<\/li>\n<\/ul>\n<ul>\n<li>Assist\u00eancia M\u00e9dica<\/li>\n<li>Assist\u00eancia Odontol\u00f3gica<\/li>\n<li>T\u00edquete Refei\u00e7\u00e3o &#8211; R$ 52,00 dia trabalhado<\/li>\n<li>Estacionamento<\/li>\n<li>Auxilio Combust\u00edvel ou Vale Transporte<\/li>\n<li>Totalpass<\/li>\n<\/ul>\n","protected":false},"excerpt":{"rendered":"<p>Responsabilidades Elaborar, revisar e transmitir declara\u00e7\u00f5es acess\u00f3rias, incluindo: SPED Contribui\u00e7\u00f5es (PIS\/COFINS) DCTFWeb EFD-Reinf e MIT PER\/DCOMP Web Obriga\u00e7\u00f5es estaduais espec\u00edficas Declara\u00e7\u00f5es municipais Realizar a apura\u00e7\u00e3o de tributos, como: PIS\/COFINS IRPJ\/CSLL ISS Reten\u00e7\u00f5es na fonte (IRRF, INSS, PIS\/COFINS\/CSLL) Emitir e conferir guias de pagamento: DARF, ISS e demais documentos fiscais. Realizar a emiss\u00e3o, renova\u00e7\u00e3o e acompanhamento [&hellip;]<\/p>\n","protected":false},"author":1,"featured_media":0,"comment_status":"open","ping_status":"open","sticky":false,"template":"","format":"standard","meta":{"footnotes":""},"categories":[21],"tags":[],"class_list":["post-4991","post","type-post","status-publish","format-standard","hentry","category-rio-de-janeiro-rj"],"_links":{"self":[{"href":"https:\/\/vagas.portalemprego.com.br\/index.php?rest_route=\/wp\/v2\/posts\/4991","targetHints":{"allow":["GET"]}}],"collection":[{"href":"https:\/\/vagas.portalemprego.com.br\/index.php?rest_route=\/wp\/v2\/posts"}],"about":[{"href":"https:\/\/vagas.portalemprego.com.br\/index.php?rest_route=\/wp\/v2\/types\/post"}],"author":[{"embeddable":true,"href":"https:\/\/vagas.portalemprego.com.br\/index.php?rest_route=\/wp\/v2\/users\/1"}],"replies":[{"embeddable":true,"href":"https:\/\/vagas.portalemprego.com.br\/index.php?rest_route=%2Fwp%2Fv2%2Fcomments&post=4991"}],"version-history":[{"count":0,"href":"https:\/\/vagas.portalemprego.com.br\/index.php?rest_route=\/wp\/v2\/posts\/4991\/revisions"}],"wp:attachment":[{"href":"https:\/\/vagas.portalemprego.com.br\/index.php?rest_route=%2Fwp%2Fv2%2Fmedia&parent=4991"}],"wp:term":[{"taxonomy":"category","embeddable":true,"href":"https:\/\/vagas.portalemprego.com.br\/index.php?rest_route=%2Fwp%2Fv2%2Fcategories&post=4991"},{"taxonomy":"post_tag","embeddable":true,"href":"https:\/\/vagas.portalemprego.com.br\/index.php?rest_route=%2Fwp%2Fv2%2Ftags&post=4991"}],"curies":[{"name":"wp","href":"https:\/\/api.w.org\/{rel}","templated":true}]}}