{"id":4994,"date":"2026-04-29T06:19:19","date_gmt":"2026-04-29T09:19:19","guid":{"rendered":"https:\/\/vagas.portalemprego.com.br\/?p=4994"},"modified":"2026-04-29T06:19:19","modified_gmt":"2026-04-29T09:19:19","slug":"ajudante-de-motorista-sao-pedro-da-aldeia-logistica-sao-pedro-da-aldeia","status":"publish","type":"post","link":"https:\/\/vagas.portalemprego.com.br\/?p=4994","title":{"rendered":"AJUDANTE DE MOTORISTA &#8211; S\u00c3O PEDRO DA ALDEIA &#8211; Log\u00edstica &#8211; S\u00e3o Pedro da Aldeia"},"content":{"rendered":"<p>Sua miss\u00e3o \u00e9 preparar, entregar e manusear cargas e descargas de mercadorias. Reparar embalagens danificadas e controlar a qualidade dos servi\u00e7os prestados. Operar equipamentos de carga e descarga, al\u00e9m de realizar atividades de limpeza e conserva\u00e7\u00e3o nos locais de trabalho.<\/p>\n<p>Suas principais atividades ser\u00e3o:<br \/>\nPreparar carga e descarga de mercadoria;<br \/>\nMovimentar mercadorias em transporte, coleta e entrega;<br \/>\nEmbarque e desembarque de mercadorias;<br \/>\nAuxiliar o motorista nas manobras e\/ou estacionamento;<br \/>\nConferir mercadorias coletadas e entregues;<br \/>\nOrganizar o estoque e separa\u00e7\u00e3o de mercadoria.<br \/>\nRequisitos:<br \/>\nExperi\u00eancia comprovada;<br \/>\nPossuir f\u00e1cil acesso ao bairro Campo\u00a0Redondo,\u00a0S\u00e3o\u00a0Pedro\u00a0da\u00a0Aldeia\u00a0&#8211;\u00a0RJ<br \/>\nEnsino M\u00e9dio Completo.<br \/>\nValorizado:<br \/>\nTempo de experi\u00eancia na fun\u00e7\u00e3o.<br \/>\nHor\u00e1rio:<br \/>\nSegunda a Sexta das 7h \u00e0s 16h \/ S\u00e1bado 07h \u00e0s 11h<\/p>\n<p>OBS: Rodovia RJ, 0 , 140 0000 &#8211; QD 02 LT 23 E 24 &#8211; DIUANA<br \/>\nCampo Redondo, S\u00e3o Pedro da Aldeia &#8211; RJ<br \/>\nCep: 28.940-001<br \/>\nRef. O im\u00f3vel fica na RJ 140 ( Rodovia M\u00e1rcio Corr\u00eaa), sentido Cabo Frio, ao Lado da Stock Car.<\/p>\n<ul>\n<li>Local de trabalho: S\u00e3o Pedro da Aldeia, RJ<\/li>\n<li>Regime de contrata\u00e7\u00e3o de tipo: Efetivo \u2013 CLT<\/li>\n<li>Jornada: Per\u00edodo Integral<\/li>\n<li>\u00c1rea e especializa\u00e7\u00e3o profissional: Log\u00edstica &#8211; Distribui\u00e7\u00e3o, Recebimento e Expedi\u00e7\u00e3o<\/li>\n<li>N\u00edvel hier\u00e1rquico: Operacional<\/li>\n<\/ul>\n<p>VALORIZADO<\/p>\n<p>Tempo de experi\u00eancia: Menos de 1 ano<\/p>\n<p>Escolaridade M\u00ednima: Ensino M\u00e9dio (2\u00ba Grau)<\/p>\n<p>Sal\u00e1rio: 1735,58<\/p>\n","protected":false},"excerpt":{"rendered":"<p>Sua miss\u00e3o \u00e9 preparar, entregar e manusear cargas e descargas de mercadorias. Reparar embalagens danificadas e controlar a qualidade dos servi\u00e7os prestados. Operar equipamentos de carga e descarga, al\u00e9m de realizar atividades de limpeza e conserva\u00e7\u00e3o nos locais de trabalho. Suas principais atividades ser\u00e3o: Preparar carga e descarga de mercadoria; Movimentar mercadorias em transporte, coleta [&hellip;]<\/p>\n","protected":false},"author":1,"featured_media":0,"comment_status":"open","ping_status":"open","sticky":false,"template":"","format":"standard","meta":{"footnotes":""},"categories":[21],"tags":[],"class_list":["post-4994","post","type-post","status-publish","format-standard","hentry","category-rio-de-janeiro-rj"],"_links":{"self":[{"href":"https:\/\/vagas.portalemprego.com.br\/index.php?rest_route=\/wp\/v2\/posts\/4994","targetHints":{"allow":["GET"]}}],"collection":[{"href":"https:\/\/vagas.portalemprego.com.br\/index.php?rest_route=\/wp\/v2\/posts"}],"about":[{"href":"https:\/\/vagas.portalemprego.com.br\/index.php?rest_route=\/wp\/v2\/types\/post"}],"author":[{"embeddable":true,"href":"https:\/\/vagas.portalemprego.com.br\/index.php?rest_route=\/wp\/v2\/users\/1"}],"replies":[{"embeddable":true,"href":"https:\/\/vagas.portalemprego.com.br\/index.php?rest_route=%2Fwp%2Fv2%2Fcomments&post=4994"}],"version-history":[{"count":0,"href":"https:\/\/vagas.portalemprego.com.br\/index.php?rest_route=\/wp\/v2\/posts\/4994\/revisions"}],"wp:attachment":[{"href":"https:\/\/vagas.portalemprego.com.br\/index.php?rest_route=%2Fwp%2Fv2%2Fmedia&parent=4994"}],"wp:term":[{"taxonomy":"category","embeddable":true,"href":"https:\/\/vagas.portalemprego.com.br\/index.php?rest_route=%2Fwp%2Fv2%2Fcategories&post=4994"},{"taxonomy":"post_tag","embeddable":true,"href":"https:\/\/vagas.portalemprego.com.br\/index.php?rest_route=%2Fwp%2Fv2%2Ftags&post=4994"}],"curies":[{"name":"wp","href":"https:\/\/api.w.org\/{rel}","templated":true}]}}