{"id":4995,"date":"2026-04-29T06:19:19","date_gmt":"2026-04-29T09:19:19","guid":{"rendered":"https:\/\/vagas.portalemprego.com.br\/?p=4995"},"modified":"2026-04-29T06:19:19","modified_gmt":"2026-04-29T09:19:19","slug":"eletromecanico-de-manutencao-construcao-manutencao-rio-de-janeiro-3","status":"publish","type":"post","link":"https:\/\/vagas.portalemprego.com.br\/?p=4995","title":{"rendered":"Eletromec\u00e2nico de Manuten\u00e7\u00e3o &#8211; Constru\u00e7\u00e3o, Manuten\u00e7\u00e3o &#8211; Rio de Janeiro"},"content":{"rendered":"<p>Executar as atividades de manuten\u00e7\u00e3o dos ativos da Rede A\u00e9rea, assegurando a confiabilidade e a disponibilidade dos sistemas de 3kVCC, 4.4kVCA, 6.6kVCA e 44kVCA.<br \/>\nRealizar trabalhos em altura, seguindo rigorosamente as normas de seguran\u00e7a, durante manuten\u00e7\u00f5es preventivas, corretivas e preditivas.<br \/>\nRealizar a revis\u00e3o integridade dos ativos, como caten\u00e1rias, chaves seccionadoras, circuitos a\u00e9reos e isolados, postes e estruturas de sustenta\u00e7\u00e3o, realizando a substitui\u00e7\u00f5es de pe\u00e7as, cabos e fios, servi\u00e7os de escava\u00e7\u00e3o, montagem de infraestrutura e implanta\u00e7\u00e3o de novos ativos de sustenta\u00e7\u00e3o. Auxiliar implementa\u00e7\u00e3o de melhorias cont\u00ednuas nos sistemas el\u00e9tricos, assegurando que todas as atividades sejam realizadas conforme as normas de seguran\u00e7a e os procedimentos operacionais estabelecidos.<br \/>\nPrestar apoio na condu\u00e7\u00e3o de ve\u00edculos para log\u00edstica de equipes, materiais e atendimento a ocorr\u00eancias com foco na melhoria cont\u00ednua e na maximiza\u00e7\u00e3o da efici\u00eancia operacional.<br \/>\n\u00c8 OBRIGAT\u00d3RIO VIV\u00caNCIA EM REDE A\u00c9REA.<br \/>\nCursos obrigat\u00f3rios &#8211; Curso Profissionalizante em Eletricista Industrial ou Predial completo<br \/>\n NR-10 (obrigat\u00f3rio) e CFT (ativo), NR -35;<br \/>\nCaso haja interesse em maiores informa\u00e7\u00e3oes me chame no whatsapp 1197725-0508 Crislaine e informar que \u00e9 para a vaga de rede a\u00e9rea.<\/p>\n<ul>\n<li>N\u00famero de vagas: 5<\/li>\n<li>Local de trabalho: Rio de Janeiro, RJ<\/li>\n<li>Regime de contrata\u00e7\u00e3o de tipo: Tempor\u00e1rio<\/li>\n<li>Jornada: Per\u00edodo Integral<\/li>\n<li>\u00c1rea e especializa\u00e7\u00e3o profissional: Constru\u00e7\u00e3o, Manuten\u00e7\u00e3o &#8211; Eletricista \/ Manuten\u00e7\u00e3o El\u00e9trica<\/li>\n<li>N\u00edvel hier\u00e1rquico: Assistente<\/li>\n<\/ul>\n<p>Escolaridade M\u00ednima: Curso extra-curricular \/ Profissionalizante<\/p>\n<ul>\n<li>Vale transporte<\/li>\n<li>Vale refei\u00e7\u00e3o<\/li>\n<li>Vale alimenta\u00e7\u00e3o<\/li>\n<li>assistencia m\u00e9dica<\/li>\n<\/ul>\n<p>Sal\u00e1rio: 2500,0<\/p>\n","protected":false},"excerpt":{"rendered":"<p>Executar as atividades de manuten\u00e7\u00e3o dos ativos da Rede A\u00e9rea, assegurando a confiabilidade e a disponibilidade dos sistemas de 3kVCC, 4.4kVCA, 6.6kVCA e 44kVCA. Realizar trabalhos em altura, seguindo rigorosamente as normas de seguran\u00e7a, durante manuten\u00e7\u00f5es preventivas, corretivas e preditivas. Realizar a revis\u00e3o integridade dos ativos, como caten\u00e1rias, chaves seccionadoras, circuitos a\u00e9reos e isolados, postes [&hellip;]<\/p>\n","protected":false},"author":1,"featured_media":0,"comment_status":"open","ping_status":"open","sticky":false,"template":"","format":"standard","meta":{"footnotes":""},"categories":[21],"tags":[],"class_list":["post-4995","post","type-post","status-publish","format-standard","hentry","category-rio-de-janeiro-rj"],"_links":{"self":[{"href":"https:\/\/vagas.portalemprego.com.br\/index.php?rest_route=\/wp\/v2\/posts\/4995","targetHints":{"allow":["GET"]}}],"collection":[{"href":"https:\/\/vagas.portalemprego.com.br\/index.php?rest_route=\/wp\/v2\/posts"}],"about":[{"href":"https:\/\/vagas.portalemprego.com.br\/index.php?rest_route=\/wp\/v2\/types\/post"}],"author":[{"embeddable":true,"href":"https:\/\/vagas.portalemprego.com.br\/index.php?rest_route=\/wp\/v2\/users\/1"}],"replies":[{"embeddable":true,"href":"https:\/\/vagas.portalemprego.com.br\/index.php?rest_route=%2Fwp%2Fv2%2Fcomments&post=4995"}],"version-history":[{"count":0,"href":"https:\/\/vagas.portalemprego.com.br\/index.php?rest_route=\/wp\/v2\/posts\/4995\/revisions"}],"wp:attachment":[{"href":"https:\/\/vagas.portalemprego.com.br\/index.php?rest_route=%2Fwp%2Fv2%2Fmedia&parent=4995"}],"wp:term":[{"taxonomy":"category","embeddable":true,"href":"https:\/\/vagas.portalemprego.com.br\/index.php?rest_route=%2Fwp%2Fv2%2Fcategories&post=4995"},{"taxonomy":"post_tag","embeddable":true,"href":"https:\/\/vagas.portalemprego.com.br\/index.php?rest_route=%2Fwp%2Fv2%2Ftags&post=4995"}],"curies":[{"name":"wp","href":"https:\/\/api.w.org\/{rel}","templated":true}]}}