{"id":4998,"date":"2026-04-29T06:19:19","date_gmt":"2026-04-29T09:19:19","guid":{"rendered":"https:\/\/vagas.portalemprego.com.br\/?p=4998"},"modified":"2026-04-29T06:19:19","modified_gmt":"2026-04-29T09:19:19","slug":"assistente-de-e-commerce-informatica-ti-telecomunicacoes-rio-de-janeiro","status":"publish","type":"post","link":"https:\/\/vagas.portalemprego.com.br\/?p=4998","title":{"rendered":"Assistente de E-commerce &#8211; Inform\u00e1tica, TI, Telecomunica\u00e7\u00f5es &#8211; Rio de Janeiro"},"content":{"rendered":"<p>Marca do Varejo de Moda contrata Assistente de E-commerce<br \/>\nLocal: Gard\u00eania Azul &#8211; Rio de Janeiro\/RJ<br \/>\nHor\u00e1rio: 9:00 \u00e0s 17:45 (Hibrido)<br \/>\nRemunera\u00e7\u00e3o R$ 5.000<br \/>\nA fun\u00e7\u00e3o \u00e9 de assistente, com foco em ajudar no dia a dia com an\u00e1lises, apresenta\u00e7\u00f5es, relat\u00f3rios e acompanhamento das vendas e funcionamento do site.<br \/>\nExperi\u00eancia com a vtex<br \/>\nN\u00edvel intermedi\u00e1rio Excel e google Sheets<br \/>\nFun\u00e7\u00f5es:<br \/>\nExporta\u00e7\u00e3o de produtos para vtex e verifica\u00e7\u00e3o do cadastro deles na plataforma<br \/>\nConfigura\u00e7\u00e3o de campanhas e promo\u00e7\u00f5es<br \/>\nAn\u00e1lise estoque<br \/>\nAn\u00e1lise Kpis<br \/>\nSuporte Atendimento<br \/>\nSuporte lojas no omni<br \/>\nDiferenciais:<br \/>\nExperi\u00eancia com moda feminina<br \/>\nCRM<br \/>\nERP Interfacenet da Alterdata<\/p>\n<ul>\n<li>Local de trabalho: Rio de Janeiro, RJ<\/li>\n<li>Regime de contrata\u00e7\u00e3o de tipo: Efetivo \u2013 CLT<\/li>\n<li>Jornada: Per\u00edodo Integral<\/li>\n<li>\u00c1rea e especializa\u00e7\u00e3o profissional: Inform\u00e1tica, TI, Telecomunica\u00e7\u00f5es &#8211; E-commerce<\/li>\n<li>N\u00edvel hier\u00e1rquico: Assistente<\/li>\n<\/ul>\n<p>VALORIZADO<\/p>\n<p>Tempo de experi\u00eancia: Entre 3 e 5 anos<\/p>\n<p>Escolaridade M\u00ednima: Ensino Superior<\/p>\n","protected":false},"excerpt":{"rendered":"<p>Marca do Varejo de Moda contrata Assistente de E-commerce Local: Gard\u00eania Azul &#8211; Rio de Janeiro\/RJ Hor\u00e1rio: 9:00 \u00e0s 17:45 (Hibrido) Remunera\u00e7\u00e3o R$ 5.000 A fun\u00e7\u00e3o \u00e9 de assistente, com foco em ajudar no dia a dia com an\u00e1lises, apresenta\u00e7\u00f5es, relat\u00f3rios e acompanhamento das vendas e funcionamento do site. Experi\u00eancia com a vtex N\u00edvel intermedi\u00e1rio [&hellip;]<\/p>\n","protected":false},"author":1,"featured_media":0,"comment_status":"open","ping_status":"open","sticky":false,"template":"","format":"standard","meta":{"footnotes":""},"categories":[21],"tags":[],"class_list":["post-4998","post","type-post","status-publish","format-standard","hentry","category-rio-de-janeiro-rj"],"_links":{"self":[{"href":"https:\/\/vagas.portalemprego.com.br\/index.php?rest_route=\/wp\/v2\/posts\/4998","targetHints":{"allow":["GET"]}}],"collection":[{"href":"https:\/\/vagas.portalemprego.com.br\/index.php?rest_route=\/wp\/v2\/posts"}],"about":[{"href":"https:\/\/vagas.portalemprego.com.br\/index.php?rest_route=\/wp\/v2\/types\/post"}],"author":[{"embeddable":true,"href":"https:\/\/vagas.portalemprego.com.br\/index.php?rest_route=\/wp\/v2\/users\/1"}],"replies":[{"embeddable":true,"href":"https:\/\/vagas.portalemprego.com.br\/index.php?rest_route=%2Fwp%2Fv2%2Fcomments&post=4998"}],"version-history":[{"count":0,"href":"https:\/\/vagas.portalemprego.com.br\/index.php?rest_route=\/wp\/v2\/posts\/4998\/revisions"}],"wp:attachment":[{"href":"https:\/\/vagas.portalemprego.com.br\/index.php?rest_route=%2Fwp%2Fv2%2Fmedia&parent=4998"}],"wp:term":[{"taxonomy":"category","embeddable":true,"href":"https:\/\/vagas.portalemprego.com.br\/index.php?rest_route=%2Fwp%2Fv2%2Fcategories&post=4998"},{"taxonomy":"post_tag","embeddable":true,"href":"https:\/\/vagas.portalemprego.com.br\/index.php?rest_route=%2Fwp%2Fv2%2Ftags&post=4998"}],"curies":[{"name":"wp","href":"https:\/\/api.w.org\/{rel}","templated":true}]}}