{"id":5000,"date":"2026-04-29T06:19:19","date_gmt":"2026-04-29T09:19:19","guid":{"rendered":"https:\/\/vagas.portalemprego.com.br\/?p=5000"},"modified":"2026-04-29T06:19:19","modified_gmt":"2026-04-29T09:19:19","slug":"lider-de-cafeteria-gerenciador-alimentacao-gastronomia-rio-de-janeiro","status":"publish","type":"post","link":"https:\/\/vagas.portalemprego.com.br\/?p=5000","title":{"rendered":"L\u00edder de Cafeteria (Gerenciador) &#8211; Alimenta\u00e7\u00e3o \/ Gastronomia &#8211; Rio de Janeiro"},"content":{"rendered":"<p>Estamos em busca de um L\u00edder de cafeteria para atuar em uma de nossas filiais.<br \/>\nOferecer uma lideran\u00e7a eficaz e um ambiente de trabalho produtivo s\u00e3o elementos-chave desse cargo.<br \/>\nSeguem algumas das principais responsabilidades e tarefas de um Gerenciador de se\u00e7\u00e3o:<br \/>\n**Supervis\u00e3o e desempenho de equipe;<br \/>\n**Tomada de decis\u00f5es estrat\u00e9gicas;<br \/>\n**Organiza\u00e7\u00e3o de turnos, escalas e processos;<br \/>\n**Atuar e atender com Brilho nos Olhos.<\/p>\n<ul>\n<li>Local de trabalho: Rio de Janeiro, RJ<\/li>\n<li>Regime de contrata\u00e7\u00e3o de tipo: Efetivo \u2013 CLT<\/li>\n<li>Jornada: Per\u00edodo Integral<\/li>\n<li>\u00c1rea e especializa\u00e7\u00e3o profissional: Alimenta\u00e7\u00e3o \/ Gastronomia &#8211; Lanchonete, Fast Food, Cafeteria<\/li>\n<li>N\u00edvel hier\u00e1rquico: Encarregado<\/li>\n<\/ul>\n<p>VALORIZADO<\/p>\n<p>Tempo de experi\u00eancia: Menos de 1 ano<\/p>\n<p>HABILIDADES<\/p>\n<ul>\n<li>Atendimento<\/li>\n<li>Bom atendimento<\/li>\n<li>trabalhoem equipe<\/li>\n<li>Facilidade de atender pessoas<\/li>\n<li>Relacionamento Interpessoal<\/li>\n<li>Comunica\u00e7\u00e3o verbal<\/li>\n<li>lideran\u00e7a<\/li>\n<\/ul>\n<p>Escolaridade M\u00ednima: Ensino M\u00e9dio (2\u00ba Grau)<\/p>\n<ul>\n<li>VT<\/li>\n<li>Refei\u00e7\u00e3o no local<\/li>\n<li>SESC<\/li>\n<li>Assist\u00eancia m\u00e9dica<\/li>\n<\/ul>\n<p>Sal\u00e1rio: 2700,0<\/p>\n","protected":false},"excerpt":{"rendered":"<p>Estamos em busca de um L\u00edder de cafeteria para atuar em uma de nossas filiais. Oferecer uma lideran\u00e7a eficaz e um ambiente de trabalho produtivo s\u00e3o elementos-chave desse cargo. Seguem algumas das principais responsabilidades e tarefas de um Gerenciador de se\u00e7\u00e3o: **Supervis\u00e3o e desempenho de equipe; **Tomada de decis\u00f5es estrat\u00e9gicas; **Organiza\u00e7\u00e3o de turnos, escalas e [&hellip;]<\/p>\n","protected":false},"author":1,"featured_media":0,"comment_status":"open","ping_status":"open","sticky":false,"template":"","format":"standard","meta":{"footnotes":""},"categories":[21],"tags":[],"class_list":["post-5000","post","type-post","status-publish","format-standard","hentry","category-rio-de-janeiro-rj"],"_links":{"self":[{"href":"https:\/\/vagas.portalemprego.com.br\/index.php?rest_route=\/wp\/v2\/posts\/5000","targetHints":{"allow":["GET"]}}],"collection":[{"href":"https:\/\/vagas.portalemprego.com.br\/index.php?rest_route=\/wp\/v2\/posts"}],"about":[{"href":"https:\/\/vagas.portalemprego.com.br\/index.php?rest_route=\/wp\/v2\/types\/post"}],"author":[{"embeddable":true,"href":"https:\/\/vagas.portalemprego.com.br\/index.php?rest_route=\/wp\/v2\/users\/1"}],"replies":[{"embeddable":true,"href":"https:\/\/vagas.portalemprego.com.br\/index.php?rest_route=%2Fwp%2Fv2%2Fcomments&post=5000"}],"version-history":[{"count":0,"href":"https:\/\/vagas.portalemprego.com.br\/index.php?rest_route=\/wp\/v2\/posts\/5000\/revisions"}],"wp:attachment":[{"href":"https:\/\/vagas.portalemprego.com.br\/index.php?rest_route=%2Fwp%2Fv2%2Fmedia&parent=5000"}],"wp:term":[{"taxonomy":"category","embeddable":true,"href":"https:\/\/vagas.portalemprego.com.br\/index.php?rest_route=%2Fwp%2Fv2%2Fcategories&post=5000"},{"taxonomy":"post_tag","embeddable":true,"href":"https:\/\/vagas.portalemprego.com.br\/index.php?rest_route=%2Fwp%2Fv2%2Ftags&post=5000"}],"curies":[{"name":"wp","href":"https:\/\/api.w.org\/{rel}","templated":true}]}}