{"id":5002,"date":"2026-04-29T06:19:19","date_gmt":"2026-04-29T09:19:19","guid":{"rendered":"https:\/\/vagas.portalemprego.com.br\/?p=5002"},"modified":"2026-04-29T06:19:19","modified_gmt":"2026-04-29T09:19:19","slug":"professor-de-ensino-medio-educacao-ensino-idiomas-rio-de-janeiro","status":"publish","type":"post","link":"https:\/\/vagas.portalemprego.com.br\/?p=5002","title":{"rendered":"Professor de Ensino M\u00e9dio &#8211; Educa\u00e7\u00e3o, Ensino, Idiomas &#8211; Rio de Janeiro"},"content":{"rendered":"<p>Objetivo do Cargo<br \/>\nAtuar no processo de ensino-aprendizagem dos estudantes do Ensino M\u00e9dio, promovendo o desenvolvimento acad\u00eamico, cr\u00edtico e socioemocional, preparando-os para a continuidade dos estudos, para o exerc\u00edcio da cidadania e para os desafios da vida adulta, em conson\u00e2ncia com o projeto pedag\u00f3gico da institui\u00e7\u00e3o.<br \/>\nPrincipais Responsabilidades<br \/>\nPlanejar, organizar e ministrar aulas conforme a Base Nacional Comum Curricular (BNCC), curr\u00edculo da escola e itiner\u00e1rios formativos, quando aplic\u00e1vel.<br \/>\nDesenvolver pr\u00e1ticas pedag\u00f3gicas que estimulem o pensamento cr\u00edtico, a autonomia intelectual e o protagonismo juvenil.<br \/>\nElaborar e aplicar avalia\u00e7\u00f5es diagn\u00f3sticas, formativas e somativas, acompanhando o desempenho dos estudantes.<br \/>\nUtilizar metodologias ativas e recursos tecnol\u00f3gicos para potencializar o processo de aprendizagem.<br \/>\nPromover debates, projetos e atividades que conectem o conte\u00fado \u00e0 realidade social, cultural e profissional dos alunos.<br \/>\nRegistrar conte\u00fados, frequ\u00eancia, avalia\u00e7\u00f5es e relat\u00f3rios pedag\u00f3gicos nos sistemas institucionais.<br \/>\nIdentificar dificuldades de aprendizagem, defasagens e quest\u00f5es comportamentais, realizando os devidos encaminhamentos \u00e0 equipe pedag\u00f3gica.<br \/>\nManter comunica\u00e7\u00e3o clara, \u00e9tica e respeitosa com alunos, fam\u00edlias, coordena\u00e7\u00e3o e demais docentes.<br \/>\nParticipar de reuni\u00f5es pedag\u00f3gicas, conselhos de classe, forma\u00e7\u00f5es continuadas e eventos escolares.<br \/>\nContribuir para projetos interdisciplinares, a\u00e7\u00f5es pedag\u00f3gicas e eventos acad\u00eamicos da institui\u00e7\u00e3o.<br \/>\nCumprir normas internas, calend\u00e1rio escolar e diretrizes institucionais.<br \/>\nRequisitos<br \/>\nForma\u00e7\u00e3o superior completa em Licenciatura na \u00e1rea de atua\u00e7\u00e3o.<br \/>\nConhecimento da BNCC e das diretrizes do Novo Ensino M\u00e9dio.<br \/>\nExperi\u00eancia em sala de aula no Ensino M\u00e9dio ser\u00e1 um diferencial.<br \/>\nHabilidade no uso de tecnologias educacionais e plataformas digitais.<br \/>\nCompet\u00eancias T\u00e9cnicas e Comportamentais<br \/>\nDom\u00ednio do conte\u00fado espec\u00edfico da disciplina.<br \/>\nDid\u00e1tica adequada ao perfil do adolescente e jovem.<br \/>\nComunica\u00e7\u00e3o assertiva e escuta ativa.<br \/>\nOrganiza\u00e7\u00e3o, planejamento e gest\u00e3o do tempo.<br \/>\nCapacidade de media\u00e7\u00e3o de conflitos e lideran\u00e7a pedag\u00f3gica.<br \/>\nPostura \u00e9tica, responsabilidade e compromisso educacional.<br \/>\nTrabalho em equipe e abertura para forma\u00e7\u00e3o cont\u00ednua.<br \/>\nVAGAS PARA:<br \/>\nPROFESSOR DE HISTORIA<br \/>\nPROFESSOR DE GEOGRAFIA<br \/>\nPROFESSOR DE EDUCA\u00c7\u00c3O F\u00cdSICA<\/p>\n<ul>\n<li>Local de trabalho: Rio de Janeiro, RJ<\/li>\n<li>Regime de contrata\u00e7\u00e3o de tipo: Efetivo \u2013 CLT<\/li>\n<li>Jornada: Parcial manh\u00e3s<\/li>\n<li>\u00c1rea e especializa\u00e7\u00e3o profissional: Educa\u00e7\u00e3o, Ensino, Idiomas &#8211; Ensino Particular<\/li>\n<li>N\u00edvel hier\u00e1rquico: Especialista<\/li>\n<\/ul>\n<p>VALORIZADO<\/p>\n<p>Tempo de experi\u00eancia: Entre 1 e 3 anos<\/p>\n<p>Escolaridade M\u00ednima: Ensino Superior<\/p>\n","protected":false},"excerpt":{"rendered":"<p>Objetivo do Cargo Atuar no processo de ensino-aprendizagem dos estudantes do Ensino M\u00e9dio, promovendo o desenvolvimento acad\u00eamico, cr\u00edtico e socioemocional, preparando-os para a continuidade dos estudos, para o exerc\u00edcio da cidadania e para os desafios da vida adulta, em conson\u00e2ncia com o projeto pedag\u00f3gico da institui\u00e7\u00e3o. Principais Responsabilidades Planejar, organizar e ministrar aulas conforme a [&hellip;]<\/p>\n","protected":false},"author":1,"featured_media":0,"comment_status":"open","ping_status":"open","sticky":false,"template":"","format":"standard","meta":{"footnotes":""},"categories":[21],"tags":[],"class_list":["post-5002","post","type-post","status-publish","format-standard","hentry","category-rio-de-janeiro-rj"],"_links":{"self":[{"href":"https:\/\/vagas.portalemprego.com.br\/index.php?rest_route=\/wp\/v2\/posts\/5002","targetHints":{"allow":["GET"]}}],"collection":[{"href":"https:\/\/vagas.portalemprego.com.br\/index.php?rest_route=\/wp\/v2\/posts"}],"about":[{"href":"https:\/\/vagas.portalemprego.com.br\/index.php?rest_route=\/wp\/v2\/types\/post"}],"author":[{"embeddable":true,"href":"https:\/\/vagas.portalemprego.com.br\/index.php?rest_route=\/wp\/v2\/users\/1"}],"replies":[{"embeddable":true,"href":"https:\/\/vagas.portalemprego.com.br\/index.php?rest_route=%2Fwp%2Fv2%2Fcomments&post=5002"}],"version-history":[{"count":0,"href":"https:\/\/vagas.portalemprego.com.br\/index.php?rest_route=\/wp\/v2\/posts\/5002\/revisions"}],"wp:attachment":[{"href":"https:\/\/vagas.portalemprego.com.br\/index.php?rest_route=%2Fwp%2Fv2%2Fmedia&parent=5002"}],"wp:term":[{"taxonomy":"category","embeddable":true,"href":"https:\/\/vagas.portalemprego.com.br\/index.php?rest_route=%2Fwp%2Fv2%2Fcategories&post=5002"},{"taxonomy":"post_tag","embeddable":true,"href":"https:\/\/vagas.portalemprego.com.br\/index.php?rest_route=%2Fwp%2Fv2%2Ftags&post=5002"}],"curies":[{"name":"wp","href":"https:\/\/api.w.org\/{rel}","templated":true}]}}