{"id":5004,"date":"2026-04-29T06:19:19","date_gmt":"2026-04-29T09:19:19","guid":{"rendered":"https:\/\/vagas.portalemprego.com.br\/?p=5004"},"modified":"2026-04-29T06:19:19","modified_gmt":"2026-04-29T09:19:19","slug":"professor-de-ensino-fundamental-educacao-ensino-idiomas-rio-de-janeiro","status":"publish","type":"post","link":"https:\/\/vagas.portalemprego.com.br\/?p=5004","title":{"rendered":"Professor de Ensino Fundamental &#8211; Educa\u00e7\u00e3o, Ensino, Idiomas &#8211; Rio de Janeiro"},"content":{"rendered":"<p>Objetivo do Cargo<br \/>\nAtuar no processo de ensino-aprendizagem dos estudantes do Ensino Fundamental, promovendo o desenvolvimento cognitivo, emocional, social e \u00e9tico, por meio de pr\u00e1ticas pedag\u00f3gicas intencionais, inclusivas e alinhadas ao projeto pol\u00edtico-pedag\u00f3gico da institui\u00e7\u00e3o.<br \/>\nPrincipais Responsabilidades<br \/>\nPlanejar, organizar e ministrar aulas de acordo com a Base Nacional Comum Curricular (BNCC) e o curr\u00edculo da escola.<br \/>\nDesenvolver estrat\u00e9gias pedag\u00f3gicas que respeitem as diferentes formas de aprendizagem dos alunos.<br \/>\nAvaliar continuamente o desempenho acad\u00eamico e o desenvolvimento integral dos estudantes, utilizando instrumentos avaliativos diversificados.<br \/>\nElaborar e aplicar atividades que estimulem o pensamento cr\u00edtico, a autonomia e a participa\u00e7\u00e3o ativa dos alunos.<br \/>\nRegistrar e acompanhar o progresso dos alunos em di\u00e1rios de classe, relat\u00f3rios pedag\u00f3gicos e plataformas institucionais.<br \/>\nPromover um ambiente de sala de aula acolhedor, seguro e favor\u00e1vel \u00e0 aprendizagem.<br \/>\nIdentificar dificuldades de aprendizagem e comportamentais, encaminhando para orienta\u00e7\u00e3o pedag\u00f3gica quando necess\u00e1rio.<br \/>\nParticipar de reuni\u00f5es pedag\u00f3gicas, conselhos de classe, forma\u00e7\u00f5es continuadas e eventos escolares.<br \/>\nManter comunica\u00e7\u00e3o clara e respeitosa com fam\u00edlias, equipe pedag\u00f3gica e gest\u00e3o escolar.<br \/>\nContribuir para a constru\u00e7\u00e3o e execu\u00e7\u00e3o de projetos interdisciplinares e a\u00e7\u00f5es educativas da escola.<br \/>\nCumprir normas internas, calend\u00e1rio escolar e diretrizes institucionais.<br \/>\nRequisitos<br \/>\nForma\u00e7\u00e3o superior completa em Pedagogia (Fundamental I) ou Licenciatura em \u00e1rea espec\u00edfica (Fundamental II).<br \/>\nConhecimento da BNCC e das diretrizes educacionais vigentes.<br \/>\nHabilidade no uso de recursos tecnol\u00f3gicos educacionais.<\/p>\n<ul>\n<li>N\u00famero de vagas: 5<\/li>\n<li>Local de trabalho: Rio de Janeiro, RJ<\/li>\n<li>Regime de contrata\u00e7\u00e3o de tipo: Efetivo \u2013 CLT<\/li>\n<li>Jornada: Parcial manh\u00e3s<\/li>\n<li>\u00c1rea e especializa\u00e7\u00e3o profissional: Educa\u00e7\u00e3o, Ensino, Idiomas &#8211; Educa\u00e7\u00e3o Infantil<\/li>\n<li>N\u00edvel hier\u00e1rquico: Especialista<\/li>\n<\/ul>\n<p>VALORIZADO<\/p>\n<p>Tempo de experi\u00eancia: Entre 1 e 3 anos<\/p>\n<p>Escolaridade M\u00ednima: Ensino Superior<\/p>\n","protected":false},"excerpt":{"rendered":"<p>Objetivo do Cargo Atuar no processo de ensino-aprendizagem dos estudantes do Ensino Fundamental, promovendo o desenvolvimento cognitivo, emocional, social e \u00e9tico, por meio de pr\u00e1ticas pedag\u00f3gicas intencionais, inclusivas e alinhadas ao projeto pol\u00edtico-pedag\u00f3gico da institui\u00e7\u00e3o. Principais Responsabilidades Planejar, organizar e ministrar aulas de acordo com a Base Nacional Comum Curricular (BNCC) e o curr\u00edculo da [&hellip;]<\/p>\n","protected":false},"author":1,"featured_media":0,"comment_status":"open","ping_status":"open","sticky":false,"template":"","format":"standard","meta":{"footnotes":""},"categories":[21],"tags":[],"class_list":["post-5004","post","type-post","status-publish","format-standard","hentry","category-rio-de-janeiro-rj"],"_links":{"self":[{"href":"https:\/\/vagas.portalemprego.com.br\/index.php?rest_route=\/wp\/v2\/posts\/5004","targetHints":{"allow":["GET"]}}],"collection":[{"href":"https:\/\/vagas.portalemprego.com.br\/index.php?rest_route=\/wp\/v2\/posts"}],"about":[{"href":"https:\/\/vagas.portalemprego.com.br\/index.php?rest_route=\/wp\/v2\/types\/post"}],"author":[{"embeddable":true,"href":"https:\/\/vagas.portalemprego.com.br\/index.php?rest_route=\/wp\/v2\/users\/1"}],"replies":[{"embeddable":true,"href":"https:\/\/vagas.portalemprego.com.br\/index.php?rest_route=%2Fwp%2Fv2%2Fcomments&post=5004"}],"version-history":[{"count":0,"href":"https:\/\/vagas.portalemprego.com.br\/index.php?rest_route=\/wp\/v2\/posts\/5004\/revisions"}],"wp:attachment":[{"href":"https:\/\/vagas.portalemprego.com.br\/index.php?rest_route=%2Fwp%2Fv2%2Fmedia&parent=5004"}],"wp:term":[{"taxonomy":"category","embeddable":true,"href":"https:\/\/vagas.portalemprego.com.br\/index.php?rest_route=%2Fwp%2Fv2%2Fcategories&post=5004"},{"taxonomy":"post_tag","embeddable":true,"href":"https:\/\/vagas.portalemprego.com.br\/index.php?rest_route=%2Fwp%2Fv2%2Ftags&post=5004"}],"curies":[{"name":"wp","href":"https:\/\/api.w.org\/{rel}","templated":true}]}}