{"id":5005,"date":"2026-04-29T06:19:19","date_gmt":"2026-04-29T09:19:19","guid":{"rendered":"https:\/\/vagas.portalemprego.com.br\/?p=5005"},"modified":"2026-04-29T06:19:19","modified_gmt":"2026-04-29T09:19:19","slug":"atendente-comercial-vendas-rio-de-janeiro-4","status":"publish","type":"post","link":"https:\/\/vagas.portalemprego.com.br\/?p=5005","title":{"rendered":"Atendente &#8211; Comercial, Vendas &#8211; Rio de Janeiro"},"content":{"rendered":"<p>Vaga: Atendente de Loja<br \/>\n?? Localidades: Barra da Tijuca \u2013 RJ<br \/>\n?? Regime: CLT<br \/>\n? Escala: 12&#215;36 | Hor\u00e1rio: 10h \u00e0s 22h<br \/>\n?? Sobre a oportunidade<br \/>\nEstamos em busca de um(a) Atendente de Loja para atuar no atendimento ao p\u00fablico, garantindo uma experi\u00eancia positiva aos clientes, organiza\u00e7\u00e3o do ambiente e apoio \u00e0s rotinas operacionais da loja.<br \/>\n?? Principais responsabilidades<br \/>\nRealizar atendimento ao cliente com cordialidade, agilidade e foco na satisfa\u00e7\u00e3o;<br \/>\nOperar o caixa: cobran\u00e7as, recebimento de pagamentos e fechamento di\u00e1rio;<br \/>\nZelar pela organiza\u00e7\u00e3o, limpeza e conserva\u00e7\u00e3o do ambiente de trabalho;<br \/>\nCuidar da apresenta\u00e7\u00e3o, controle e organiza\u00e7\u00e3o dos produtos;<br \/>\nCumprir normas de higiene, seguran\u00e7a e boas pr\u00e1ticas no atendimento;<br \/>\nApoiar as rotinas operacionais da loja conforme necessidade.<br \/>\n?? Requisitos<br \/>\nEnsino m\u00e9dio completo;<br \/>\nBoa comunica\u00e7\u00e3o e facilidade no atendimento ao p\u00fablico;<br \/>\nDisponibilidade para trabalhar em escala 12&#215;36, incluindo finais de semana e feriados;<br \/>\nF\u00e1cil acesso a uma das unidades ( Barra\u00a0da\u00a0Tijuca);<br \/>\nExperi\u00eancia pr\u00e9via em atendimento ao p\u00fablico ou opera\u00e7\u00e3o de caixa ser\u00e1 um diferencial.<br \/>\n?? Perfil comportamental desejado<br \/>\nSimpatia, cordialidade e postura acolhedora;<br \/>\nProatividade e senso de responsabilidade;<br \/>\nFacilidade de aprendizado;<br \/>\nOrganiza\u00e7\u00e3o, aten\u00e7\u00e3o aos detalhes e capacidade de trabalhar em equipe;<br \/>\nConforto para atuar em ambientes com grande fluxo de clientes e em atividades operacionais durante todo o turno.<\/p>\n<ul>\n<li>Local de trabalho: Rio de Janeiro, RJ<\/li>\n<li>Regime de contrata\u00e7\u00e3o de tipo: Efetivo \u2013 CLT<\/li>\n<li>Jornada: Per\u00edodo Integral<\/li>\n<li>\u00c1rea e especializa\u00e7\u00e3o profissional: Comercial, Vendas &#8211; Atendimento<\/li>\n<li>N\u00edvel hier\u00e1rquico: Operacional<\/li>\n<\/ul>\n<p>HABILIDADES<\/p>\n<ul>\n<li>Simpatia<\/li>\n<li>Cordialidade<\/li>\n<li>Proatividade<\/li>\n<\/ul>\n<p>Escolaridade M\u00ednima: Ensino M\u00e9dio (2\u00ba Grau)<\/p>\n<ul>\n<li>Plano de Sa\u00fade<\/li>\n<li>Plano Odontol\u00f3gico<\/li>\n<li>Vale Transporte<\/li>\n<li>Vale Alimenta\u00e7\u00e3o\/Refei\u00e7\u00e3o<\/li>\n<\/ul>\n<p>Sal\u00e1rio: 1720,0<\/p>\n","protected":false},"excerpt":{"rendered":"<p>Vaga: Atendente de Loja ?? Localidades: Barra da Tijuca \u2013 RJ ?? Regime: CLT ? Escala: 12&#215;36 | Hor\u00e1rio: 10h \u00e0s 22h ?? Sobre a oportunidade Estamos em busca de um(a) Atendente de Loja para atuar no atendimento ao p\u00fablico, garantindo uma experi\u00eancia positiva aos clientes, organiza\u00e7\u00e3o do ambiente e apoio \u00e0s rotinas operacionais da [&hellip;]<\/p>\n","protected":false},"author":1,"featured_media":0,"comment_status":"open","ping_status":"open","sticky":false,"template":"","format":"standard","meta":{"footnotes":""},"categories":[21],"tags":[],"class_list":["post-5005","post","type-post","status-publish","format-standard","hentry","category-rio-de-janeiro-rj"],"_links":{"self":[{"href":"https:\/\/vagas.portalemprego.com.br\/index.php?rest_route=\/wp\/v2\/posts\/5005","targetHints":{"allow":["GET"]}}],"collection":[{"href":"https:\/\/vagas.portalemprego.com.br\/index.php?rest_route=\/wp\/v2\/posts"}],"about":[{"href":"https:\/\/vagas.portalemprego.com.br\/index.php?rest_route=\/wp\/v2\/types\/post"}],"author":[{"embeddable":true,"href":"https:\/\/vagas.portalemprego.com.br\/index.php?rest_route=\/wp\/v2\/users\/1"}],"replies":[{"embeddable":true,"href":"https:\/\/vagas.portalemprego.com.br\/index.php?rest_route=%2Fwp%2Fv2%2Fcomments&post=5005"}],"version-history":[{"count":0,"href":"https:\/\/vagas.portalemprego.com.br\/index.php?rest_route=\/wp\/v2\/posts\/5005\/revisions"}],"wp:attachment":[{"href":"https:\/\/vagas.portalemprego.com.br\/index.php?rest_route=%2Fwp%2Fv2%2Fmedia&parent=5005"}],"wp:term":[{"taxonomy":"category","embeddable":true,"href":"https:\/\/vagas.portalemprego.com.br\/index.php?rest_route=%2Fwp%2Fv2%2Fcategories&post=5005"},{"taxonomy":"post_tag","embeddable":true,"href":"https:\/\/vagas.portalemprego.com.br\/index.php?rest_route=%2Fwp%2Fv2%2Ftags&post=5005"}],"curies":[{"name":"wp","href":"https:\/\/api.w.org\/{rel}","templated":true}]}}