{"id":5006,"date":"2026-04-29T06:19:19","date_gmt":"2026-04-29T09:19:19","guid":{"rendered":"https:\/\/vagas.portalemprego.com.br\/?p=5006"},"modified":"2026-04-29T06:19:19","modified_gmt":"2026-04-29T09:19:19","slug":"gestora-de-clinica-lideranca-estrategia-e-resultados-estetica-rio-de-janeiro","status":"publish","type":"post","link":"https:\/\/vagas.portalemprego.com.br\/?p=5006","title":{"rendered":"GESTORA DE CL\u00cdNICA- LIDERAN\u00c7A, ESTRAT\u00c9GIA E RESULTADOS &#8211; Est\u00e9tica &#8211; Rio de Janeiro"},"content":{"rendered":"<p>AGA | GERENTE ADMINISTRATIVA \u2013 CL\u00cdNICA PREMIUM (PJ)<br \/>\nBuscamos uma profissional com forte lideran\u00e7a, postura firme e vis\u00e3o estrat\u00e9gica, para atuar na gest\u00e3o administrativa e operacional de uma cl\u00ednica de alto padr\u00e3o.<br \/>\n?? Principais responsabilidades<br \/>\n* Lideran\u00e7a direta das equipes de recep\u00e7\u00e3o, concierge e apoio<br \/>\n* Gest\u00e3o de pessoas, metas, performance e clima organizacional<br \/>\n* Acompanhamento de indicadores e resultados<br \/>\n* Gest\u00e3o administrativa, financeira, operacional e de fornecedores<br \/>\n* Atua\u00e7\u00e3o estrat\u00e9gica junto \u00e0 m\u00e9dica respons\u00e1vel<br \/>\n?? Requisitos<br \/>\n* Ensino superior completo (Administra\u00e7\u00e3o, Gest\u00e3o, RH, Sa\u00fade ou \u00e1reas correlatas)<br \/>\n* Experi\u00eancia comprovada em lideran\u00e7a e gest\u00e3o de equipes<br \/>\n* Viv\u00eancia com metas, indicadores e tomada de decis\u00e3o<br \/>\n? Diferenciais<br \/>\n* P\u00f3s-gradua\u00e7\u00e3o em gest\u00e3o ou \u00e1reas afins<br \/>\n* Experi\u00eancia em cl\u00ednicas, est\u00e9tica ou servi\u00e7os premium<br \/>\n?? Modelo de contrata\u00e7\u00e3o<br \/>\n* PJ<br \/>\n* Fixo: R$ 7.500,00<br \/>\n* Vari\u00e1vel por resultados (m\u00e9dia de R$ 1.000,00 por colaboradora)<\/p>\n<ul>\n<li>Local de trabalho: Rio de Janeiro, RJ<\/li>\n<li>Regime de contrata\u00e7\u00e3o de tipo: Prestador de Servi\u00e7os (PJ)<\/li>\n<li>Jornada: Per\u00edodo Integral<\/li>\n<li>\u00c1rea e especializa\u00e7\u00e3o profissional: Est\u00e9tica &#8211; Acupuntura<\/li>\n<li>N\u00edvel hier\u00e1rquico: Gerente<\/li>\n<\/ul>\n<p>VALORIZADO<\/p>\n<p>Tempo de experi\u00eancia: Entre 3 e 5 anos<\/p>\n<p>Escolaridade M\u00ednima: P\u00f3s-gradua\u00e7\u00e3o &#8211; Especializa\u00e7\u00e3o\/MBA<\/p>\n<p>Forma\u00e7\u00e3o desejada:<\/p>\n<ul>\n<li>Processos Gerenciais, Ensino Superior<\/li>\n<li>Administra\u00e7\u00e3o de empresas, Ensino Superior<\/li>\n<li>Gest\u00e3o de Recursos Humanos, Ensino Superior<\/li>\n<li>Gest\u00e3o portu\u00e1ria, Ensino Superior<\/li>\n<\/ul>\n<ul>\n<li>Vari\u00e1vel por resultados (m\u00e9dia de R$ 1.000,00 por colaboradora)<\/li>\n<\/ul>\n","protected":false},"excerpt":{"rendered":"<p>AGA | GERENTE ADMINISTRATIVA \u2013 CL\u00cdNICA PREMIUM (PJ) Buscamos uma profissional com forte lideran\u00e7a, postura firme e vis\u00e3o estrat\u00e9gica, para atuar na gest\u00e3o administrativa e operacional de uma cl\u00ednica de alto padr\u00e3o. ?? Principais responsabilidades * Lideran\u00e7a direta das equipes de recep\u00e7\u00e3o, concierge e apoio * Gest\u00e3o de pessoas, metas, performance e clima organizacional * [&hellip;]<\/p>\n","protected":false},"author":1,"featured_media":0,"comment_status":"open","ping_status":"open","sticky":false,"template":"","format":"standard","meta":{"footnotes":""},"categories":[21],"tags":[],"class_list":["post-5006","post","type-post","status-publish","format-standard","hentry","category-rio-de-janeiro-rj"],"_links":{"self":[{"href":"https:\/\/vagas.portalemprego.com.br\/index.php?rest_route=\/wp\/v2\/posts\/5006","targetHints":{"allow":["GET"]}}],"collection":[{"href":"https:\/\/vagas.portalemprego.com.br\/index.php?rest_route=\/wp\/v2\/posts"}],"about":[{"href":"https:\/\/vagas.portalemprego.com.br\/index.php?rest_route=\/wp\/v2\/types\/post"}],"author":[{"embeddable":true,"href":"https:\/\/vagas.portalemprego.com.br\/index.php?rest_route=\/wp\/v2\/users\/1"}],"replies":[{"embeddable":true,"href":"https:\/\/vagas.portalemprego.com.br\/index.php?rest_route=%2Fwp%2Fv2%2Fcomments&post=5006"}],"version-history":[{"count":0,"href":"https:\/\/vagas.portalemprego.com.br\/index.php?rest_route=\/wp\/v2\/posts\/5006\/revisions"}],"wp:attachment":[{"href":"https:\/\/vagas.portalemprego.com.br\/index.php?rest_route=%2Fwp%2Fv2%2Fmedia&parent=5006"}],"wp:term":[{"taxonomy":"category","embeddable":true,"href":"https:\/\/vagas.portalemprego.com.br\/index.php?rest_route=%2Fwp%2Fv2%2Fcategories&post=5006"},{"taxonomy":"post_tag","embeddable":true,"href":"https:\/\/vagas.portalemprego.com.br\/index.php?rest_route=%2Fwp%2Fv2%2Ftags&post=5006"}],"curies":[{"name":"wp","href":"https:\/\/api.w.org\/{rel}","templated":true}]}}