{"id":5009,"date":"2026-04-29T06:19:19","date_gmt":"2026-04-29T09:19:19","guid":{"rendered":"https:\/\/vagas.portalemprego.com.br\/?p=5009"},"modified":"2026-04-29T06:19:19","modified_gmt":"2026-04-29T09:19:19","slug":"auxiliar-de-servicos-gerais-servicos-gerais-rio-de-janeiro-69","status":"publish","type":"post","link":"https:\/\/vagas.portalemprego.com.br\/?p=5009","title":{"rendered":"Auxiliar de Servi\u00e7os Gerais &#8211; Servi\u00e7os Gerais &#8211; Rio de Janeiro"},"content":{"rendered":"<p>&#8211; Executar limpeza concorrente nos setores conforme a rotina di\u00e1ria, de acordo com procedimento estabelecido, para adequada manuten\u00e7\u00e3o da organiza\u00e7\u00e3o e limpeza do contrato;\u00a0<br \/>\n\u00a0<br \/>\n&#8211; Executar a forra\u00e7\u00e3o de leito e a limpeza terminal nos setores conforme a rotina e cronograma previsto, de acordo com padr\u00e3o estabelecido, para adequada manuten\u00e7\u00e3o da organiza\u00e7\u00e3o e limpeza do contrato;\u00a0<br \/>\n\u00a0<br \/>\n&#8211; Executar a revis\u00e3o dos setores, e quando necess\u00e1rio, realizar a reposi\u00e7\u00e3o de dispense e insumos, garantindo a conserva\u00e7\u00e3o do ambiente e cont\u00ednuo abastecimento dos andares;\u00a0\u00a0<br \/>\n\u00a0<br \/>\n&#8211; Retirar res\u00edduos dos setores e quartos, conforme protocolo estabelecido, encaminhando-os para os expurgos tempor\u00e1rios;\u00a0<br \/>\n\u00a0<br \/>\n&#8211; Registrar hor\u00e1rios das limpezas concorrente\/terminal no RAD (Relat\u00f3rio de Atividade Di\u00e1ria), inserindo hor\u00e1rio de entrada e sa\u00edda, informa\u00e7\u00f5es complementares (quando necess\u00e1rio), para controle das atividades realizadas;\u00a0\u00a0<br \/>\n\u00a0<br \/>\n&#8211; Zelar pela correta utiliza\u00e7\u00e3o do uniforme e EPIs, asseio pessoal, materiais e produtos, conforme padroniza\u00e7\u00e3o, higieniza\u00e7\u00e3o e sob orienta\u00e7\u00e3o do superior hier\u00e1rquico e normas de seguran\u00e7a, conforme orienta\u00e7\u00e3o da empresa;\u00a0<br \/>\n\u00a0<br \/>\n&#8211; Organizar o DML (dep\u00f3sito de material limpo) e o material de limpeza, carinho funcional e\/ou balaio, de acordo com a padroniza\u00e7\u00e3o estabelecida;\u00a0<br \/>\n\u00a0<br \/>\n&#8211; Entregar o material (carrinho funcional e balaio) e DML, organizados, conforme protocolo estabelecido no POP (procedimento operacional padr\u00e3o) para o pr\u00f3ximo colaborador pessoa que assumir\u00e1 o plant\u00e3o, visando \u00e0 continuidade da qualidade do servi\u00e7o prestado;\u00a0<br \/>\n\u00a0<br \/>\n&#8211; Seguir os cronogramas preestabelecido, di\u00e1rio, semanal e mensal;\u00a0\u00a0<\/p>\n<p>\u00a0&#8211; Realizar a dilui\u00e7\u00e3o de produtos qu\u00edmicos de limpeza corretamente, seguindo as recomenda\u00e7\u00f5es de seguran\u00e7a do trabalho, bem como tamb\u00e9m as orienta\u00e7\u00f5es fornecidas pelo fabricante do(s) produto(s), FISPQs e treinamentos aplicados;<br \/>\n\u00a0<br \/>\n&#8211; Executar atividades afins, de acordo com as suas compet\u00eancias, mediante solicita\u00e7\u00e3o do superior hier\u00e1rquico.<\/p>\n<ul>\n<li>N\u00famero de vagas: 10<\/li>\n<li>Local de trabalho: Rio de Janeiro, RJ<\/li>\n<li>Regime de contrata\u00e7\u00e3o de tipo: Efetivo \u2013 CLT<\/li>\n<li>Jornada: Per\u00edodo Integral<\/li>\n<li>\u00c1rea e especializa\u00e7\u00e3o profissional: Servi\u00e7os Gerais &#8211; Limpeza<\/li>\n<li>N\u00edvel hier\u00e1rquico: Auxiliar<\/li>\n<\/ul>\n<p>VALORIZADO<\/p>\n<p>Tempo de experi\u00eancia: Sem experi\u00eancia<\/p>\n<p>Escolaridade M\u00ednima: Ensino Fundamental (1\u00ba grau)<\/p>\n","protected":false},"excerpt":{"rendered":"<p>&#8211; Executar limpeza concorrente nos setores conforme a rotina di\u00e1ria, de acordo com procedimento estabelecido, para adequada manuten\u00e7\u00e3o da organiza\u00e7\u00e3o e limpeza do contrato;\u00a0 \u00a0 &#8211; Executar a forra\u00e7\u00e3o de leito e a limpeza terminal nos setores conforme a rotina e cronograma previsto, de acordo com padr\u00e3o estabelecido, para adequada manuten\u00e7\u00e3o da organiza\u00e7\u00e3o e limpeza [&hellip;]<\/p>\n","protected":false},"author":1,"featured_media":0,"comment_status":"open","ping_status":"open","sticky":false,"template":"","format":"standard","meta":{"footnotes":""},"categories":[21],"tags":[],"class_list":["post-5009","post","type-post","status-publish","format-standard","hentry","category-rio-de-janeiro-rj"],"_links":{"self":[{"href":"https:\/\/vagas.portalemprego.com.br\/index.php?rest_route=\/wp\/v2\/posts\/5009","targetHints":{"allow":["GET"]}}],"collection":[{"href":"https:\/\/vagas.portalemprego.com.br\/index.php?rest_route=\/wp\/v2\/posts"}],"about":[{"href":"https:\/\/vagas.portalemprego.com.br\/index.php?rest_route=\/wp\/v2\/types\/post"}],"author":[{"embeddable":true,"href":"https:\/\/vagas.portalemprego.com.br\/index.php?rest_route=\/wp\/v2\/users\/1"}],"replies":[{"embeddable":true,"href":"https:\/\/vagas.portalemprego.com.br\/index.php?rest_route=%2Fwp%2Fv2%2Fcomments&post=5009"}],"version-history":[{"count":0,"href":"https:\/\/vagas.portalemprego.com.br\/index.php?rest_route=\/wp\/v2\/posts\/5009\/revisions"}],"wp:attachment":[{"href":"https:\/\/vagas.portalemprego.com.br\/index.php?rest_route=%2Fwp%2Fv2%2Fmedia&parent=5009"}],"wp:term":[{"taxonomy":"category","embeddable":true,"href":"https:\/\/vagas.portalemprego.com.br\/index.php?rest_route=%2Fwp%2Fv2%2Fcategories&post=5009"},{"taxonomy":"post_tag","embeddable":true,"href":"https:\/\/vagas.portalemprego.com.br\/index.php?rest_route=%2Fwp%2Fv2%2Ftags&post=5009"}],"curies":[{"name":"wp","href":"https:\/\/api.w.org\/{rel}","templated":true}]}}