{"id":5010,"date":"2026-04-29T06:19:19","date_gmt":"2026-04-29T09:19:19","guid":{"rendered":"https:\/\/vagas.portalemprego.com.br\/?p=5010"},"modified":"2026-04-29T06:19:19","modified_gmt":"2026-04-29T09:19:19","slug":"atendente-de-loja-baixada-pcd-comercial-vendas-nova-iguacu","status":"publish","type":"post","link":"https:\/\/vagas.portalemprego.com.br\/?p=5010","title":{"rendered":"ATENDENTE DE LOJA &#8211; BAIXADA &#8211; PCD &#8211; Comercial, Vendas &#8211; Nova Igua\u00e7u"},"content":{"rendered":"<p>Responsabilidades:<br \/>\nAtendimento ao cliente;<br \/>\nOrganiza\u00e7\u00e3o de loja;<br \/>\nOrganiza\u00e7\u00e3o de vitrine;<br \/>\nDemais atribui\u00e7\u00f5es pertinentes ao cargo.<\/p>\n<p>Requisitos:<br \/>\nEnsino m\u00e9dio completo;<br \/>\nGostar de trabalhar com atendimento ao p\u00fablico;<br \/>\nDisponibilidade de hor\u00e1rio, inclusive final de semana.<\/p>\n<ul>\n<li>Local de trabalho: Nova Igua\u00e7u, RJ<\/li>\n<li>Regime de contrata\u00e7\u00e3o de tipo: Efetivo \u2013 CLT<\/li>\n<li>Jornada: Per\u00edodo Integral<\/li>\n<li>\u00c1rea e especializa\u00e7\u00e3o profissional: Comercial, Vendas &#8211; Lojas \/ Shopping<\/li>\n<li>N\u00edvel hier\u00e1rquico: Operacional<\/li>\n<\/ul>\n<p>VALORIZADO<\/p>\n<p>Tempo de experi\u00eancia: Sem experi\u00eancia<\/p>\n<p>Escolaridade M\u00ednima: Ensino M\u00e9dio (2\u00ba Grau)<\/p>\n","protected":false},"excerpt":{"rendered":"<p>Responsabilidades: Atendimento ao cliente; Organiza\u00e7\u00e3o de loja; Organiza\u00e7\u00e3o de vitrine; Demais atribui\u00e7\u00f5es pertinentes ao cargo. Requisitos: Ensino m\u00e9dio completo; Gostar de trabalhar com atendimento ao p\u00fablico; Disponibilidade de hor\u00e1rio, inclusive final de semana. Local de trabalho: Nova Igua\u00e7u, RJ Regime de contrata\u00e7\u00e3o de tipo: Efetivo \u2013 CLT Jornada: Per\u00edodo Integral \u00c1rea e especializa\u00e7\u00e3o profissional: Comercial, [&hellip;]<\/p>\n","protected":false},"author":1,"featured_media":0,"comment_status":"open","ping_status":"open","sticky":false,"template":"","format":"standard","meta":{"footnotes":""},"categories":[21],"tags":[],"class_list":["post-5010","post","type-post","status-publish","format-standard","hentry","category-rio-de-janeiro-rj"],"_links":{"self":[{"href":"https:\/\/vagas.portalemprego.com.br\/index.php?rest_route=\/wp\/v2\/posts\/5010","targetHints":{"allow":["GET"]}}],"collection":[{"href":"https:\/\/vagas.portalemprego.com.br\/index.php?rest_route=\/wp\/v2\/posts"}],"about":[{"href":"https:\/\/vagas.portalemprego.com.br\/index.php?rest_route=\/wp\/v2\/types\/post"}],"author":[{"embeddable":true,"href":"https:\/\/vagas.portalemprego.com.br\/index.php?rest_route=\/wp\/v2\/users\/1"}],"replies":[{"embeddable":true,"href":"https:\/\/vagas.portalemprego.com.br\/index.php?rest_route=%2Fwp%2Fv2%2Fcomments&post=5010"}],"version-history":[{"count":0,"href":"https:\/\/vagas.portalemprego.com.br\/index.php?rest_route=\/wp\/v2\/posts\/5010\/revisions"}],"wp:attachment":[{"href":"https:\/\/vagas.portalemprego.com.br\/index.php?rest_route=%2Fwp%2Fv2%2Fmedia&parent=5010"}],"wp:term":[{"taxonomy":"category","embeddable":true,"href":"https:\/\/vagas.portalemprego.com.br\/index.php?rest_route=%2Fwp%2Fv2%2Fcategories&post=5010"},{"taxonomy":"post_tag","embeddable":true,"href":"https:\/\/vagas.portalemprego.com.br\/index.php?rest_route=%2Fwp%2Fv2%2Ftags&post=5010"}],"curies":[{"name":"wp","href":"https:\/\/api.w.org\/{rel}","templated":true}]}}