{"id":5012,"date":"2026-04-29T06:20:20","date_gmt":"2026-04-29T09:20:20","guid":{"rendered":"https:\/\/vagas.portalemprego.com.br\/?p=5012"},"modified":"2026-04-29T06:20:20","modified_gmt":"2026-04-29T09:20:20","slug":"recepcionista-administracao-macae","status":"publish","type":"post","link":"https:\/\/vagas.portalemprego.com.br\/?p=5012","title":{"rendered":"Recepcionista &#8211; Administra\u00e7\u00e3o &#8211; Maca\u00e9"},"content":{"rendered":"<p>O Grupo Seres, em parceria com empresa brasileira de grande porte do segmento de \u00f3leo e g\u00e1s, seleciona profissional para atuar na fun\u00e7\u00e3o de Agente de Portaria Reserva (volante).<\/p>\n<p>Requisitos:<br \/>\nEnsino M\u00e9dio completo;<br \/>\nExperi\u00eancia m\u00ednima comprovada de 90 dias em servi\u00e7os de recep\u00e7\u00e3o;<br \/>\nConhecimentos em Pacote Microsoft Office;<br \/>\nBoa comunica\u00e7\u00e3o e postura profissional para atendimento ao p\u00fablico e autoridades.<\/p>\n<p>Atividades:<br \/>\nAtender e recepcionar o p\u00fablico em geral, bem como o acompanhar, quando necess\u00e1rio, os visitantes, em especial as autoridades, providenciando identifica\u00e7\u00e3o, prestando informa\u00e7\u00f5es, mantendo registros que permitam o controle e rastreabilidade das movimenta\u00e7\u00f5es ocorridas; realizar cadastros e atualiza\u00e7\u00f5es de cadastros nos sistemas de controle de acesso; emitir crach\u00e1s e permiss\u00f5es de tr\u00e2nsito dos ve\u00edculos; verificar a necessidade de confec\u00e7\u00e3o de crach\u00e1 para atendimento nas Portarias; emitir relat\u00f3rios de acessos, de acordo com a necessidade e orienta\u00e7\u00e3o do gestor da Seguran\u00e7a Corporativa na Unidade; promover o recebimento, encaminhamento e controle de documentos diversos; atender telefones, transferir liga\u00e7\u00f5es, com anota\u00e7\u00f5es e transmiss\u00e3o dos respectivos recados; dar apoio necess\u00e1rio para realiza\u00e7\u00e3o de eventos corporativos; exibir o briefing de seguran\u00e7a, seguindo as normas da Petrobras; cumprir com todas as leis, normas internas e orienta\u00e7\u00f5es do cliente inerentes \u00e0 execu\u00e7\u00e3o dos servi\u00e7os; executar outras atividades inerentes \u00e0 fun\u00e7\u00e3o, de acordo com as necessidades, garantindo a padroniza\u00e7\u00e3o e qualidade no atendimento.<br \/>\nHor\u00e1rio de trabalho:<br \/>\n06h00 \u00e0s 14h20, de segunda a s\u00e1bado;<br \/>\nIntervalo de 1h para refei\u00e7\u00e3o;<br \/>\nNecessidade de flexibilidade para eventuais trocas de hor\u00e1rio.<\/p>\n<p>Local de trabalho:<br \/>\nImboassica, Maca\u00e9\/RJ<br \/>\nCambi\u00fanas, Maca\u00e9\/RJ<br \/>\nImbetiba, Maca\u00e9\/RJ<br \/>\nBarra, Maca\u00e9\/RJ<\/p>\n<ul>\n<li>Local de trabalho: Maca\u00e9, RJ<\/li>\n<li>Regime de contrata\u00e7\u00e3o de tipo: Efetivo \u2013 CLT<\/li>\n<li>Jornada: Per\u00edodo Integral<\/li>\n<li>\u00c1rea e especializa\u00e7\u00e3o profissional: Administra\u00e7\u00e3o &#8211; Recep\u00e7\u00e3o<\/li>\n<li>N\u00edvel hier\u00e1rquico: Auxiliar<\/li>\n<\/ul>\n<p>Escolaridade M\u00ednima: Ensino M\u00e9dio (2\u00ba Grau)<\/p>\n<p>Sal\u00e1rio: 1682,28<\/p>\n","protected":false},"excerpt":{"rendered":"<p>O Grupo Seres, em parceria com empresa brasileira de grande porte do segmento de \u00f3leo e g\u00e1s, seleciona profissional para atuar na fun\u00e7\u00e3o de Agente de Portaria Reserva (volante). Requisitos: Ensino M\u00e9dio completo; Experi\u00eancia m\u00ednima comprovada de 90 dias em servi\u00e7os de recep\u00e7\u00e3o; Conhecimentos em Pacote Microsoft Office; Boa comunica\u00e7\u00e3o e postura profissional para atendimento [&hellip;]<\/p>\n","protected":false},"author":1,"featured_media":0,"comment_status":"open","ping_status":"open","sticky":false,"template":"","format":"standard","meta":{"footnotes":""},"categories":[21],"tags":[],"class_list":["post-5012","post","type-post","status-publish","format-standard","hentry","category-rio-de-janeiro-rj"],"_links":{"self":[{"href":"https:\/\/vagas.portalemprego.com.br\/index.php?rest_route=\/wp\/v2\/posts\/5012","targetHints":{"allow":["GET"]}}],"collection":[{"href":"https:\/\/vagas.portalemprego.com.br\/index.php?rest_route=\/wp\/v2\/posts"}],"about":[{"href":"https:\/\/vagas.portalemprego.com.br\/index.php?rest_route=\/wp\/v2\/types\/post"}],"author":[{"embeddable":true,"href":"https:\/\/vagas.portalemprego.com.br\/index.php?rest_route=\/wp\/v2\/users\/1"}],"replies":[{"embeddable":true,"href":"https:\/\/vagas.portalemprego.com.br\/index.php?rest_route=%2Fwp%2Fv2%2Fcomments&post=5012"}],"version-history":[{"count":0,"href":"https:\/\/vagas.portalemprego.com.br\/index.php?rest_route=\/wp\/v2\/posts\/5012\/revisions"}],"wp:attachment":[{"href":"https:\/\/vagas.portalemprego.com.br\/index.php?rest_route=%2Fwp%2Fv2%2Fmedia&parent=5012"}],"wp:term":[{"taxonomy":"category","embeddable":true,"href":"https:\/\/vagas.portalemprego.com.br\/index.php?rest_route=%2Fwp%2Fv2%2Fcategories&post=5012"},{"taxonomy":"post_tag","embeddable":true,"href":"https:\/\/vagas.portalemprego.com.br\/index.php?rest_route=%2Fwp%2Fv2%2Ftags&post=5012"}],"curies":[{"name":"wp","href":"https:\/\/api.w.org\/{rel}","templated":true}]}}