{"id":5014,"date":"2026-04-29T06:20:20","date_gmt":"2026-04-29T09:20:20","guid":{"rendered":"https:\/\/vagas.portalemprego.com.br\/?p=5014"},"modified":"2026-04-29T06:20:20","modified_gmt":"2026-04-29T09:20:20","slug":"agente-de-portaria-reserva-administracao-macae","status":"publish","type":"post","link":"https:\/\/vagas.portalemprego.com.br\/?p=5014","title":{"rendered":"Agente de Portaria RESERVA &#8211; Administra\u00e7\u00e3o &#8211; Maca\u00e9"},"content":{"rendered":"<p>O Grupo Seres, em parceria com empresa brasileira de grande porte do segmento de \u00f3leo e g\u00e1s, seleciona profissional para atuar na fun\u00e7\u00e3o de Agente de Portaria Reserva (volante).<\/p>\n<p>Requisitos:<br \/>\nEnsino M\u00e9dio completo;<br \/>\nExperi\u00eancia m\u00ednima comprovada de 90 dias em servi\u00e7os de recep\u00e7\u00e3o;<br \/>\nConhecimentos em Pacote Microsoft Office;<br \/>\nCurso em atendimento ao p\u00fablico ou experi\u00eancia comprovada na \u00e1rea;<br \/>\nDisponibilidade e flexibilidade para troca de hor\u00e1rios;<br \/>\nBoa comunica\u00e7\u00e3o e postura profissional para atendimento ao p\u00fablico e autoridades.<\/p>\n<p>Diferencial:<br \/>\nExperi\u00eancia pr\u00e9via em ambientes corporativos de grande porte;<br \/>\n Viv\u00eancia em atendimento a eventos corporativos.<\/p>\n<p>Atividades:<br \/>\nAtuar como recepcionista reserva, realizando rendi\u00e7\u00f5es, coberturas de almo\u00e7o, faltas e aus\u00eancias;<br \/>\n Atender e recepcionar o p\u00fablico em geral, acompanhando visitantes e autoridades quando necess\u00e1rio;<br \/>\n Providenciar identifica\u00e7\u00e3o, controle e rastreabilidade de acessos;<br \/>\n Realizar cadastros e atualiza\u00e7\u00f5es nos sistemas de controle de acesso;<br \/>\n Emitir crach\u00e1s e permiss\u00f5es de tr\u00e2nsito de ve\u00edculos;<br \/>\n Emitir relat\u00f3rios de acesso conforme orienta\u00e7\u00e3o da Seguran\u00e7a Corporativa;<br \/>\n Receber, encaminhar e controlar documentos diversos;<br \/>\n Atender e transferir liga\u00e7\u00f5es telef\u00f4nicas, registrando e repassando recados;<br \/>\n Apoiar a realiza\u00e7\u00e3o de eventos corporativos;<br \/>\n Exibir briefing de seguran\u00e7a conforme normas da Petrobras;<br \/>\n Cumprir leis, normas internas e orienta\u00e7\u00f5es do cliente;<br \/>\n Executar atividades inerentes \u00e0 fun\u00e7\u00e3o, garantindo padroniza\u00e7\u00e3o e qualidade no atendimento.<\/p>\n<p>Hor\u00e1rio de trabalho:<br \/>\n06h00 \u00e0s 14h20, de segunda a s\u00e1bado;<br \/>\nIntervalo de 1h para refei\u00e7\u00e3o;<br \/>\nNecessidade de flexibilidade para eventuais trocas de hor\u00e1rio.<\/p>\n<p>Local de trabalho:<br \/>\nAtua\u00e7\u00e3o presencial nas unidades da Petrobras em Maca\u00e9\/RJ, incluindo Barra de Maca\u00e9 e Cabi\u00fanas.<\/p>\n<ul>\n<li>Local de trabalho: Maca\u00e9, RJ<\/li>\n<li>Regime de contrata\u00e7\u00e3o de tipo: Efetivo \u2013 CLT<\/li>\n<li>Jornada: Per\u00edodo Integral<\/li>\n<li>\u00c1rea e especializa\u00e7\u00e3o profissional: Administra\u00e7\u00e3o &#8211; Arquivo<\/li>\n<li>N\u00edvel hier\u00e1rquico: Trainee<\/li>\n<\/ul>\n<p>Escolaridade M\u00ednima: Ensino M\u00e9dio (2\u00ba Grau)<\/p>\n<ul>\n<li>Vale Refei\u00e7\u00e3o<\/li>\n<li>Seguro de Vida<\/li>\n<li>Aux\u00edlio Creche<\/li>\n<li>Vale Transporte<\/li>\n<li>Plano de Sa\u00fade Coparticipativo<\/li>\n<\/ul>\n","protected":false},"excerpt":{"rendered":"<p>O Grupo Seres, em parceria com empresa brasileira de grande porte do segmento de \u00f3leo e g\u00e1s, seleciona profissional para atuar na fun\u00e7\u00e3o de Agente de Portaria Reserva (volante). Requisitos: Ensino M\u00e9dio completo; Experi\u00eancia m\u00ednima comprovada de 90 dias em servi\u00e7os de recep\u00e7\u00e3o; Conhecimentos em Pacote Microsoft Office; Curso em atendimento ao p\u00fablico ou experi\u00eancia [&hellip;]<\/p>\n","protected":false},"author":1,"featured_media":0,"comment_status":"open","ping_status":"open","sticky":false,"template":"","format":"standard","meta":{"footnotes":""},"categories":[21],"tags":[],"class_list":["post-5014","post","type-post","status-publish","format-standard","hentry","category-rio-de-janeiro-rj"],"_links":{"self":[{"href":"https:\/\/vagas.portalemprego.com.br\/index.php?rest_route=\/wp\/v2\/posts\/5014","targetHints":{"allow":["GET"]}}],"collection":[{"href":"https:\/\/vagas.portalemprego.com.br\/index.php?rest_route=\/wp\/v2\/posts"}],"about":[{"href":"https:\/\/vagas.portalemprego.com.br\/index.php?rest_route=\/wp\/v2\/types\/post"}],"author":[{"embeddable":true,"href":"https:\/\/vagas.portalemprego.com.br\/index.php?rest_route=\/wp\/v2\/users\/1"}],"replies":[{"embeddable":true,"href":"https:\/\/vagas.portalemprego.com.br\/index.php?rest_route=%2Fwp%2Fv2%2Fcomments&post=5014"}],"version-history":[{"count":0,"href":"https:\/\/vagas.portalemprego.com.br\/index.php?rest_route=\/wp\/v2\/posts\/5014\/revisions"}],"wp:attachment":[{"href":"https:\/\/vagas.portalemprego.com.br\/index.php?rest_route=%2Fwp%2Fv2%2Fmedia&parent=5014"}],"wp:term":[{"taxonomy":"category","embeddable":true,"href":"https:\/\/vagas.portalemprego.com.br\/index.php?rest_route=%2Fwp%2Fv2%2Fcategories&post=5014"},{"taxonomy":"post_tag","embeddable":true,"href":"https:\/\/vagas.portalemprego.com.br\/index.php?rest_route=%2Fwp%2Fv2%2Ftags&post=5014"}],"curies":[{"name":"wp","href":"https:\/\/api.w.org\/{rel}","templated":true}]}}