{"id":5016,"date":"2026-04-29T06:20:20","date_gmt":"2026-04-29T09:20:20","guid":{"rendered":"https:\/\/vagas.portalemprego.com.br\/?p=5016"},"modified":"2026-04-29T06:20:20","modified_gmt":"2026-04-29T09:20:20","slug":"gerente-de-loja-recreio-shopping-comercial-vendas-rio-de-janeiro","status":"publish","type":"post","link":"https:\/\/vagas.portalemprego.com.br\/?p=5016","title":{"rendered":"Gerente de Loja &#8211; Recreio Shopping &#8211; Comercial, Vendas &#8211; Rio de Janeiro"},"content":{"rendered":"<p>Nossas lojas traduzem nossa ess\u00eancia e no que acreditamos.<br \/>\nAtemporais, sofisticadas e descomplicadas.<br \/>\nSe movimentar \u00e9 preciso e, na evolu\u00e7\u00e3o da marca, sabemos que ficar parado n\u00e3o \u00e9 op\u00e7\u00e3o. Ao longo de nossa jornada, entendemos que nosso compromisso vai muito al\u00e9m de oferecer produtos e experi\u00eancia de compra.<br \/>\nQuer nos conhecer melhor, vem voar com a gente! ????<\/p>\n<p>       Responsabilidades e Atribui\u00e7\u00f5es:<br \/>\nDesenvolver, avaliar e acompanhar as estrat\u00e9gias comerciais a fim de que as metas sejam atingidas;<br \/>\nAcompanhar os resultados atrav\u00e9s dos indicadores de performance;<br \/>\nGerir os indicadores de vendas multicanais;<br \/>\nGarantir que o VM da loja esteja de acordo com a proposta;<br \/>\nOrganizar todas as opera\u00e7\u00f5es de loja e delegar responsabilidades;<br \/>\nCaptar talentos com o objetivo de preparar e manter um time de alta performance e aderente a cultura organizacional;<br \/>\nRealizar feedbacks comportamentais e de desempenho;<br \/>\nLiderar, motivar e desenvolver o time.<\/p>\n<ul>\n<li>Local de trabalho: Rio de Janeiro, RJ<\/li>\n<li>Regime de contrata\u00e7\u00e3o de tipo: Efetivo \u2013 CLT<\/li>\n<li>Jornada: Parcial tardes<\/li>\n<li>\u00c1rea e especializa\u00e7\u00e3o profissional: Comercial, Vendas &#8211; Lojas \/ Shopping<\/li>\n<li>N\u00edvel hier\u00e1rquico: Gerente<\/li>\n<\/ul>\n<p>HABILIDADES<\/p>\n<ul>\n<li>Desej\u00e1vel Ensino Superior completo; Viv\u00eancia anterior no varejo de moda; Foco em resultado; Flexibilidade de hor\u00e1rio; Experi\u00eancia com venda digital.<\/li>\n<\/ul>\n<p>Escolaridade M\u00ednima: Ensino Superior<\/p>\n<ul>\n<li>Sal\u00e1rio fixo   comiss\u00e3o<\/li>\n<li>Ambiente colaborativo<\/li>\n<li>VR<\/li>\n<li>Vale Transporte<\/li>\n<li>Parcerias: Descomplica, Open English e Wellhub<\/li>\n<\/ul>\n","protected":false},"excerpt":{"rendered":"<p>Nossas lojas traduzem nossa ess\u00eancia e no que acreditamos. Atemporais, sofisticadas e descomplicadas. Se movimentar \u00e9 preciso e, na evolu\u00e7\u00e3o da marca, sabemos que ficar parado n\u00e3o \u00e9 op\u00e7\u00e3o. Ao longo de nossa jornada, entendemos que nosso compromisso vai muito al\u00e9m de oferecer produtos e experi\u00eancia de compra. Quer nos conhecer melhor, vem voar com [&hellip;]<\/p>\n","protected":false},"author":1,"featured_media":0,"comment_status":"open","ping_status":"open","sticky":false,"template":"","format":"standard","meta":{"footnotes":""},"categories":[21],"tags":[],"class_list":["post-5016","post","type-post","status-publish","format-standard","hentry","category-rio-de-janeiro-rj"],"_links":{"self":[{"href":"https:\/\/vagas.portalemprego.com.br\/index.php?rest_route=\/wp\/v2\/posts\/5016","targetHints":{"allow":["GET"]}}],"collection":[{"href":"https:\/\/vagas.portalemprego.com.br\/index.php?rest_route=\/wp\/v2\/posts"}],"about":[{"href":"https:\/\/vagas.portalemprego.com.br\/index.php?rest_route=\/wp\/v2\/types\/post"}],"author":[{"embeddable":true,"href":"https:\/\/vagas.portalemprego.com.br\/index.php?rest_route=\/wp\/v2\/users\/1"}],"replies":[{"embeddable":true,"href":"https:\/\/vagas.portalemprego.com.br\/index.php?rest_route=%2Fwp%2Fv2%2Fcomments&post=5016"}],"version-history":[{"count":0,"href":"https:\/\/vagas.portalemprego.com.br\/index.php?rest_route=\/wp\/v2\/posts\/5016\/revisions"}],"wp:attachment":[{"href":"https:\/\/vagas.portalemprego.com.br\/index.php?rest_route=%2Fwp%2Fv2%2Fmedia&parent=5016"}],"wp:term":[{"taxonomy":"category","embeddable":true,"href":"https:\/\/vagas.portalemprego.com.br\/index.php?rest_route=%2Fwp%2Fv2%2Fcategories&post=5016"},{"taxonomy":"post_tag","embeddable":true,"href":"https:\/\/vagas.portalemprego.com.br\/index.php?rest_route=%2Fwp%2Fv2%2Ftags&post=5016"}],"curies":[{"name":"wp","href":"https:\/\/api.w.org\/{rel}","templated":true}]}}