{"id":5017,"date":"2026-04-29T06:20:20","date_gmt":"2026-04-29T09:20:20","guid":{"rendered":"https:\/\/vagas.portalemprego.com.br\/?p=5017"},"modified":"2026-04-29T06:20:20","modified_gmt":"2026-04-29T09:20:20","slug":"analista-relacionamento-comunidade-servico-social-e-comunitario-rio-de-janeiro","status":"publish","type":"post","link":"https:\/\/vagas.portalemprego.com.br\/?p=5017","title":{"rendered":"ANALISTA RELACIONAMENTO COMUNIDADE &#8211; Servi\u00e7o Social e Comunit\u00e1rio &#8211; Rio de Janeiro"},"content":{"rendered":"<p>O Grupo Seres em parceria com empresa no segmento de saneamanto, seleciona profissional para atuar na fun\u00e7\u00e3o de Analista Relacionamento Comunidade.<br \/>\nAtividades:<br \/>\nO Analista de Relacionamento com a Comunidade \u00e9 o respons\u00e1vel por construir, manter e fortalecer o v\u00ednculo entre a empresa e as comunidades em seu entorno.<br \/>\nAtuando como ponte entre a organiza\u00e7\u00e3o e a popula\u00e7\u00e3o local, esse profissional promove o di\u00e1logo aberto, compreende demandas sociais e busca alinhar as a\u00e7\u00f5es da empresa com os interesses e necessidades da comunidade.<br \/>\nEntre suas principais atividades est\u00e3o o planejamento e a programa\u00e7\u00e3o de equipes de campo, a aplica\u00e7\u00e3o de treinamentos internos e externos, al\u00e9m do contato direto com associa\u00e7\u00f5es de moradores, l\u00edderes comunit\u00e1rios e demais representantes locais.<br \/>\n\u00c9 respons\u00e1vel por desenvolver campanhas, projetos e iniciativas que fortale\u00e7am o relacionamento institucional e contribuam para uma imagem positiva da empresa nas \u00e1reas onde atua.<br \/>\nSeu dia a dia envolve articula\u00e7\u00e3o com diferentes setores da empresa, visitas a territ\u00f3rios, participa\u00e7\u00e3o em reuni\u00f5es comunit\u00e1rias e o acompanhamento dos impactos sociais das opera\u00e7\u00f5es da organiza\u00e7\u00e3o, garantindo uma atua\u00e7\u00e3o \u00e9tica, transparente e socialmente respons\u00e1vel.<\/p>\n<ul>\n<li>Local de trabalho: Rio de Janeiro, RJ<\/li>\n<li>Regime de contrata\u00e7\u00e3o de tipo: Tempor\u00e1rio<\/li>\n<li>Jornada: Per\u00edodo Integral<\/li>\n<li>\u00c1rea e especializa\u00e7\u00e3o profissional: Servi\u00e7o Social e Comunit\u00e1rio &#8211; Responsabilidade Social<\/li>\n<li>N\u00edvel hier\u00e1rquico: Analista<\/li>\n<\/ul>\n<p>Escolaridade M\u00ednima: Ensino Superior<\/p>\n<p>Habilita\u00e7\u00e3o para dirigir: B<\/p>\n","protected":false},"excerpt":{"rendered":"<p>O Grupo Seres em parceria com empresa no segmento de saneamanto, seleciona profissional para atuar na fun\u00e7\u00e3o de Analista Relacionamento Comunidade. Atividades: O Analista de Relacionamento com a Comunidade \u00e9 o respons\u00e1vel por construir, manter e fortalecer o v\u00ednculo entre a empresa e as comunidades em seu entorno. Atuando como ponte entre a organiza\u00e7\u00e3o e [&hellip;]<\/p>\n","protected":false},"author":1,"featured_media":0,"comment_status":"open","ping_status":"open","sticky":false,"template":"","format":"standard","meta":{"footnotes":""},"categories":[21],"tags":[],"class_list":["post-5017","post","type-post","status-publish","format-standard","hentry","category-rio-de-janeiro-rj"],"_links":{"self":[{"href":"https:\/\/vagas.portalemprego.com.br\/index.php?rest_route=\/wp\/v2\/posts\/5017","targetHints":{"allow":["GET"]}}],"collection":[{"href":"https:\/\/vagas.portalemprego.com.br\/index.php?rest_route=\/wp\/v2\/posts"}],"about":[{"href":"https:\/\/vagas.portalemprego.com.br\/index.php?rest_route=\/wp\/v2\/types\/post"}],"author":[{"embeddable":true,"href":"https:\/\/vagas.portalemprego.com.br\/index.php?rest_route=\/wp\/v2\/users\/1"}],"replies":[{"embeddable":true,"href":"https:\/\/vagas.portalemprego.com.br\/index.php?rest_route=%2Fwp%2Fv2%2Fcomments&post=5017"}],"version-history":[{"count":0,"href":"https:\/\/vagas.portalemprego.com.br\/index.php?rest_route=\/wp\/v2\/posts\/5017\/revisions"}],"wp:attachment":[{"href":"https:\/\/vagas.portalemprego.com.br\/index.php?rest_route=%2Fwp%2Fv2%2Fmedia&parent=5017"}],"wp:term":[{"taxonomy":"category","embeddable":true,"href":"https:\/\/vagas.portalemprego.com.br\/index.php?rest_route=%2Fwp%2Fv2%2Fcategories&post=5017"},{"taxonomy":"post_tag","embeddable":true,"href":"https:\/\/vagas.portalemprego.com.br\/index.php?rest_route=%2Fwp%2Fv2%2Ftags&post=5017"}],"curies":[{"name":"wp","href":"https:\/\/api.w.org\/{rel}","templated":true}]}}