{"id":5019,"date":"2026-04-29T06:20:20","date_gmt":"2026-04-29T09:20:20","guid":{"rendered":"https:\/\/vagas.portalemprego.com.br\/?p=5019"},"modified":"2026-04-29T06:20:20","modified_gmt":"2026-04-29T09:20:20","slug":"encarregado-de-logistica-logistica-duque-de-caxias-2","status":"publish","type":"post","link":"https:\/\/vagas.portalemprego.com.br\/?p=5019","title":{"rendered":"Encarregado de Log\u00edstica &#8211; Log\u00edstica &#8211; Duque de Caxias"},"content":{"rendered":"<p>Liderar as atividades de log\u00edstica de fracionados da unidade desde a recep\u00e7\u00e3o dos produtos e dos pedidos at\u00e9 expedi\u00e7\u00e3o e envio para o cliente.<br \/>\nCoordenar recebimento, armazenamento, separa\u00e7\u00e3o, confer\u00eancia e expedi\u00e7\u00e3o dos pedidos.<br \/>\nLiderar equipe operacional, interagir com os setores para planejar e definir estrat\u00e9gias de trabalho.<br \/>\nGer\u00eanciar recursos materiais e financeiros da \u00e1rea, analisando riscos de incidentes e custo\/benef\u00edcio.<br \/>\nControlar processos operacionais e avaliar seus resultados com confec\u00e7\u00e3o de relat\u00f3rios<\/p>\n<p>Local: Capivari &#8211; Duque de Caxias<br \/>\nEscala e hor\u00e1rio: De segunda \u00e0 sexta, das 8h \u00e0s 17h48<\/p>\n<ul>\n<li>Local de trabalho: Duque de Caxias, RJ<\/li>\n<li>Regime de contrata\u00e7\u00e3o de tipo: Efetivo \u2013 CLT<\/li>\n<li>Jornada: Per\u00edodo Integral<\/li>\n<li>\u00c1rea e especializa\u00e7\u00e3o profissional: Log\u00edstica &#8211; Log\u00edstica<\/li>\n<li>N\u00edvel hier\u00e1rquico: Encarregado<\/li>\n<\/ul>\n<p>HABILIDADES<\/p>\n<ul>\n<li>F\u00e1cil acesso a Capivari &#8211; Duque de Caxias<\/li>\n<li>Experi\u00eancia comprovada em Centro de Distribui\u00e7\u00e3o<\/li>\n<li>Ensino superior completo em Log\u00edstica<\/li>\n<li>Experi\u00eancia com lideran\u00e7a de equipe<\/li>\n<li>Conhecimento de WMS Excel intermed<\/li>\n<li>Indispens\u00e1vel j\u00e1 ter atuado com fracionado.<\/li>\n<\/ul>\n<p>Escolaridade M\u00ednima: Ensino Superior<\/p>\n<p>Forma\u00e7\u00e3o desejada:<\/p>\n<ul>\n<li>Log\u00edstica, Ensino Superior<\/li>\n<\/ul>\n<ul>\n<li>Plano Odontol\u00f3gico<\/li>\n<li>Plano de Sa\u00fade<\/li>\n<li>VR<\/li>\n<li>VT<\/li>\n<li>VA<\/li>\n<\/ul>\n<p>Sal\u00e1rio: 3500,0<\/p>\n","protected":false},"excerpt":{"rendered":"<p>Liderar as atividades de log\u00edstica de fracionados da unidade desde a recep\u00e7\u00e3o dos produtos e dos pedidos at\u00e9 expedi\u00e7\u00e3o e envio para o cliente. Coordenar recebimento, armazenamento, separa\u00e7\u00e3o, confer\u00eancia e expedi\u00e7\u00e3o dos pedidos. Liderar equipe operacional, interagir com os setores para planejar e definir estrat\u00e9gias de trabalho. Ger\u00eanciar recursos materiais e financeiros da \u00e1rea, analisando [&hellip;]<\/p>\n","protected":false},"author":1,"featured_media":0,"comment_status":"open","ping_status":"open","sticky":false,"template":"","format":"standard","meta":{"footnotes":""},"categories":[21],"tags":[],"class_list":["post-5019","post","type-post","status-publish","format-standard","hentry","category-rio-de-janeiro-rj"],"_links":{"self":[{"href":"https:\/\/vagas.portalemprego.com.br\/index.php?rest_route=\/wp\/v2\/posts\/5019","targetHints":{"allow":["GET"]}}],"collection":[{"href":"https:\/\/vagas.portalemprego.com.br\/index.php?rest_route=\/wp\/v2\/posts"}],"about":[{"href":"https:\/\/vagas.portalemprego.com.br\/index.php?rest_route=\/wp\/v2\/types\/post"}],"author":[{"embeddable":true,"href":"https:\/\/vagas.portalemprego.com.br\/index.php?rest_route=\/wp\/v2\/users\/1"}],"replies":[{"embeddable":true,"href":"https:\/\/vagas.portalemprego.com.br\/index.php?rest_route=%2Fwp%2Fv2%2Fcomments&post=5019"}],"version-history":[{"count":0,"href":"https:\/\/vagas.portalemprego.com.br\/index.php?rest_route=\/wp\/v2\/posts\/5019\/revisions"}],"wp:attachment":[{"href":"https:\/\/vagas.portalemprego.com.br\/index.php?rest_route=%2Fwp%2Fv2%2Fmedia&parent=5019"}],"wp:term":[{"taxonomy":"category","embeddable":true,"href":"https:\/\/vagas.portalemprego.com.br\/index.php?rest_route=%2Fwp%2Fv2%2Fcategories&post=5019"},{"taxonomy":"post_tag","embeddable":true,"href":"https:\/\/vagas.portalemprego.com.br\/index.php?rest_route=%2Fwp%2Fv2%2Ftags&post=5019"}],"curies":[{"name":"wp","href":"https:\/\/api.w.org\/{rel}","templated":true}]}}