{"id":5021,"date":"2026-04-29T06:20:20","date_gmt":"2026-04-29T09:20:20","guid":{"rendered":"https:\/\/vagas.portalemprego.com.br\/?p=5021"},"modified":"2026-04-29T06:20:20","modified_gmt":"2026-04-29T09:20:20","slug":"vendedor-para-escritorio-de-advocacia-comercial-vendas-rio-de-janeiro","status":"publish","type":"post","link":"https:\/\/vagas.portalemprego.com.br\/?p=5021","title":{"rendered":"Vendedor para Escrit\u00f3rio de Advocacia &#8211; Comercial, Vendas &#8211; Rio de Janeiro"},"content":{"rendered":"<p>VAGA: VENDEDOR PARA ESCRIT\u00d3RIO DE ADVOCACIA<br \/>\nLocal de trabalho: Presencial \u2013 Rio de Janeiro\/RJ<br \/>\nSal\u00e1rio Fixo: R$2.000,00 + VT + Comiss\u00e3o + Ganhos mensais acima da m\u00e9dia de mercado<br \/>\nModelo de contrata\u00e7\u00e3o: CLT, Presencial<br \/>\nHor\u00e1rio: Comercial<br \/>\nSe voc\u00ea \u00e9 movido por metas, gosta de conversar com pessoas e quer crescer com um projeto que transforma vidas, essa vaga \u00e9 pra voc\u00ea!<br \/>\nEstamos em busca de um(a) vendedor(a) presencial, com experi\u00eancia em vendas consultivas e foco total em convers\u00e3o de leads.<br \/>\nO que voc\u00ea vai fazer:<br \/>\n Atender leads quentes que j\u00e1 demonstraram interesse<br \/>\n Aquecer e recuperar leads frios com abordagem estrat\u00e9gica<br \/>\n Conduzir reuni\u00f5es comerciais presenciais e por telefone<br \/>\n Seguir nossos scripts validados e processos comerciais<br \/>\n Trabalhar com metas, funil e CRM<br \/>\n Fechar contratos todos os dias!<br \/>\n Requisitos:<br \/>\n Experi\u00eancia com vendas (de cursos, mentorias ou servi\u00e7os \u00e9 um diferencial)<br \/>\n Boa comunica\u00e7\u00e3o e escuta ativa<br \/>\n Perfil comercial, proatividade e foco em resultado<br \/>\n Organiza\u00e7\u00e3o e disciplina no uso de processos e ferramentas<br \/>\n Por que essa vaga vale a pena:<br \/>\nVoc\u00ea vai trabalhar com um produto validado, com alta taxa de convers\u00e3o, dentro de um ambiente que valoriza performance, reconhece resultado e oferece oportunidade real de crescimento.<\/p>\n<ul>\n<li>Local de trabalho: Rio de Janeiro, RJ<\/li>\n<li>Regime de contrata\u00e7\u00e3o de tipo: Efetivo \u2013 CLT<\/li>\n<li>Jornada: Per\u00edodo Integral<\/li>\n<li>\u00c1rea e especializa\u00e7\u00e3o profissional: Comercial, Vendas &#8211; Venda Interna<\/li>\n<li>N\u00edvel hier\u00e1rquico: Assistente<\/li>\n<\/ul>\n<p>VALORIZADO<\/p>\n<p>Tempo de experi\u00eancia: Entre 1 e 3 anos<\/p>\n<p>Escolaridade M\u00ednima: Ensino Superior<\/p>\n<p>Sal\u00e1rio: 4000,0<\/p>\n","protected":false},"excerpt":{"rendered":"<p>VAGA: VENDEDOR PARA ESCRIT\u00d3RIO DE ADVOCACIA Local de trabalho: Presencial \u2013 Rio de Janeiro\/RJ Sal\u00e1rio Fixo: R$2.000,00 + VT + Comiss\u00e3o + Ganhos mensais acima da m\u00e9dia de mercado Modelo de contrata\u00e7\u00e3o: CLT, Presencial Hor\u00e1rio: Comercial Se voc\u00ea \u00e9 movido por metas, gosta de conversar com pessoas e quer crescer com um projeto que transforma [&hellip;]<\/p>\n","protected":false},"author":1,"featured_media":0,"comment_status":"open","ping_status":"open","sticky":false,"template":"","format":"standard","meta":{"footnotes":""},"categories":[21],"tags":[],"class_list":["post-5021","post","type-post","status-publish","format-standard","hentry","category-rio-de-janeiro-rj"],"_links":{"self":[{"href":"https:\/\/vagas.portalemprego.com.br\/index.php?rest_route=\/wp\/v2\/posts\/5021","targetHints":{"allow":["GET"]}}],"collection":[{"href":"https:\/\/vagas.portalemprego.com.br\/index.php?rest_route=\/wp\/v2\/posts"}],"about":[{"href":"https:\/\/vagas.portalemprego.com.br\/index.php?rest_route=\/wp\/v2\/types\/post"}],"author":[{"embeddable":true,"href":"https:\/\/vagas.portalemprego.com.br\/index.php?rest_route=\/wp\/v2\/users\/1"}],"replies":[{"embeddable":true,"href":"https:\/\/vagas.portalemprego.com.br\/index.php?rest_route=%2Fwp%2Fv2%2Fcomments&post=5021"}],"version-history":[{"count":0,"href":"https:\/\/vagas.portalemprego.com.br\/index.php?rest_route=\/wp\/v2\/posts\/5021\/revisions"}],"wp:attachment":[{"href":"https:\/\/vagas.portalemprego.com.br\/index.php?rest_route=%2Fwp%2Fv2%2Fmedia&parent=5021"}],"wp:term":[{"taxonomy":"category","embeddable":true,"href":"https:\/\/vagas.portalemprego.com.br\/index.php?rest_route=%2Fwp%2Fv2%2Fcategories&post=5021"},{"taxonomy":"post_tag","embeddable":true,"href":"https:\/\/vagas.portalemprego.com.br\/index.php?rest_route=%2Fwp%2Fv2%2Ftags&post=5021"}],"curies":[{"name":"wp","href":"https:\/\/api.w.org\/{rel}","templated":true}]}}