{"id":5027,"date":"2026-04-29T06:20:20","date_gmt":"2026-04-29T09:20:20","guid":{"rendered":"https:\/\/vagas.portalemprego.com.br\/?p=5027"},"modified":"2026-04-29T06:20:20","modified_gmt":"2026-04-29T09:20:20","slug":"manobrista-transportes-rio-de-janeiro-2","status":"publish","type":"post","link":"https:\/\/vagas.portalemprego.com.br\/?p=5027","title":{"rendered":"Manobrista &#8211; Transportes &#8211; Rio de Janeiro"},"content":{"rendered":"<p>Estamos em busca de um profissional dedicado e atencioso para se juntar \u00e0 nossa equipe como Manobrista.Este \u00e9 um papel fundamental para garantir a comodidade e o bem-estar dos nossos clientes e visitantes.Como parte da equipe, voc\u00ea ser\u00e1 respons\u00e1vel por auxiliar os clientes com o estacionamento e manobra de ve\u00edculos, al\u00e9m de oferecer um atendimento amig\u00e1vel e eficiente.<br \/>\nVoc\u00ea dever\u00e1 estar sempre pronto para receber os clientes com um sorriso e orient\u00e1-los sobre as dire\u00e7\u00f5es e regras de estacionamento.A posi\u00e7\u00e3o exige uma postura agrad\u00e1vel e proativa, com foco em proporcionar uma experi\u00eancia positiva para todos que utilizam nossos servi\u00e7os.\u00c9 essencial que voc\u00ea demonstre comprometimento com a seguran\u00e7a e a organiza\u00e7\u00e3o do estacionamento.<br \/>\nPara esta fun\u00e7\u00e3o, buscamos algu\u00e9m com experi\u00eancia em servi\u00e7os de atendimento ao cliente, mesmo que n\u00e3o espec\u00edfica para manobrista.\u00c9 importante que voc\u00ea tenha uma boa comunica\u00e7\u00e3o verbal e habilidades de resolu\u00e7\u00e3o de problemas.A capacidade de trabalhar em um ambiente din\u00e2mico e adaptar-se a situa\u00e7\u00f5es variadas \u00e9 fundamental.<br \/>\nSe voc\u00ea \u00e9 algu\u00e9m que valoriza o trabalho em equipe e tem um forte senso de responsabilidade, esta oportunidade pode ser perfeita para voc\u00ea.Estamos procurando algu\u00e9m que n\u00e3o apenas execute tarefas, mas que contribua para a cultura de excel\u00eancia e satisfa\u00e7\u00e3o do cliente que cultivamos.<br \/>\nJunte-se a n\u00f3s e fa\u00e7a parte de uma equipe que se orgulha de oferecer um servi\u00e7o de qualidade e atendimento excepcional.Estamos ansiosos para conhecer algu\u00e9m com o seu perfil e habilidades para enriquecer nossa equipe.<br \/>\nRequesitos:<br \/>\nExperi\u00eancia<br \/>\nCarteira B &#8211; Remunerada<br \/>\nEnsino m\u00e9dio.<br \/>\nMorar pr\u00f3ximo ao leblon ser\u00e1 um diferencial<br \/>\nTemos\u00a02\u00a0hor\u00e1rios:\u00a08:00\u00a0\u00e0s\u00a020:00\u00a0e\u00a0de\u00a020:00\u00a0\u00e0s\u00a008:00 &#8211; Escala 12&#215;36<br \/>\nBeneficios:Plano de sa\u00fade, Plano odontol\u00f3gico, Alimenta\u00e7\u00e3o no local e Total Pass<\/p>\n<ul>\n<li>Local de trabalho: Rio de Janeiro, RJ<\/li>\n<li>Regime de contrata\u00e7\u00e3o de tipo: Efetivo \u2013 CLT<\/li>\n<li>Jornada: Per\u00edodo Integral<\/li>\n<li>\u00c1rea e especializa\u00e7\u00e3o profissional: Transportes &#8211; Manobrista<\/li>\n<li>N\u00edvel hier\u00e1rquico: Operacional<\/li>\n<\/ul>\n<p>VALORIZADO<\/p>\n<p>Tempo de experi\u00eancia: Entre 1 e 3 anos<\/p>\n<p>Escolaridade M\u00ednima: Ensino M\u00e9dio (2\u00ba Grau)<\/p>\n<p>Habilita\u00e7\u00e3o para dirigir: B<\/p>\n<p>Sal\u00e1rio: 2500,0<\/p>\n","protected":false},"excerpt":{"rendered":"<p>Estamos em busca de um profissional dedicado e atencioso para se juntar \u00e0 nossa equipe como Manobrista.Este \u00e9 um papel fundamental para garantir a comodidade e o bem-estar dos nossos clientes e visitantes.Como parte da equipe, voc\u00ea ser\u00e1 respons\u00e1vel por auxiliar os clientes com o estacionamento e manobra de ve\u00edculos, al\u00e9m de oferecer um atendimento [&hellip;]<\/p>\n","protected":false},"author":1,"featured_media":0,"comment_status":"open","ping_status":"open","sticky":false,"template":"","format":"standard","meta":{"footnotes":""},"categories":[21],"tags":[],"class_list":["post-5027","post","type-post","status-publish","format-standard","hentry","category-rio-de-janeiro-rj"],"_links":{"self":[{"href":"https:\/\/vagas.portalemprego.com.br\/index.php?rest_route=\/wp\/v2\/posts\/5027","targetHints":{"allow":["GET"]}}],"collection":[{"href":"https:\/\/vagas.portalemprego.com.br\/index.php?rest_route=\/wp\/v2\/posts"}],"about":[{"href":"https:\/\/vagas.portalemprego.com.br\/index.php?rest_route=\/wp\/v2\/types\/post"}],"author":[{"embeddable":true,"href":"https:\/\/vagas.portalemprego.com.br\/index.php?rest_route=\/wp\/v2\/users\/1"}],"replies":[{"embeddable":true,"href":"https:\/\/vagas.portalemprego.com.br\/index.php?rest_route=%2Fwp%2Fv2%2Fcomments&post=5027"}],"version-history":[{"count":0,"href":"https:\/\/vagas.portalemprego.com.br\/index.php?rest_route=\/wp\/v2\/posts\/5027\/revisions"}],"wp:attachment":[{"href":"https:\/\/vagas.portalemprego.com.br\/index.php?rest_route=%2Fwp%2Fv2%2Fmedia&parent=5027"}],"wp:term":[{"taxonomy":"category","embeddable":true,"href":"https:\/\/vagas.portalemprego.com.br\/index.php?rest_route=%2Fwp%2Fv2%2Fcategories&post=5027"},{"taxonomy":"post_tag","embeddable":true,"href":"https:\/\/vagas.portalemprego.com.br\/index.php?rest_route=%2Fwp%2Fv2%2Ftags&post=5027"}],"curies":[{"name":"wp","href":"https:\/\/api.w.org\/{rel}","templated":true}]}}