{"id":5029,"date":"2026-04-29T06:20:20","date_gmt":"2026-04-29T09:20:20","guid":{"rendered":"https:\/\/vagas.portalemprego.com.br\/?p=5029"},"modified":"2026-04-29T06:20:20","modified_gmt":"2026-04-29T09:20:20","slug":"assistente-juridico-obrigacao-de-fazer-juridica-rio-de-janeiro","status":"publish","type":"post","link":"https:\/\/vagas.portalemprego.com.br\/?p=5029","title":{"rendered":"Assistente Jur\u00eddico &#8211; Obriga\u00e7\u00e3o de Fazer &#8211; Jur\u00eddica &#8211; Rio de Janeiro"},"content":{"rendered":"<p>Com mais de 20 anos de experi\u00eancia, o Cavalcante Ramos Advogados \u00e9 reconhecido por sua excel\u00eancia e destaque na advocacia nacional, sendo inclu\u00eddo por mais de dez anos consecutivos na renomada lista da revista An\u00e1lise Advocacia 500 como um dos escrit\u00f3rios mais admirados do Brasil. Nossa trajet\u00f3ria \u00e9 pautada na inova\u00e7\u00e3o e excel\u00eancia em servi\u00e7os jur\u00eddicos. Saiba mais sobre nossa hist\u00f3ria em cavalcanteramos.adv.br<\/p>\n<p>O que buscamos em voc\u00ea?<br \/>\nProcuramos um profissional com esp\u00edrito competitivo, motivado por desafios, orientado para resultados e protagonista da pr\u00f3pria trajet\u00f3ria.<\/p>\n<p>Atividades:<br \/>\nAuxiliar na organiza\u00e7\u00e3o e controle de cumprimento de obriga\u00e7\u00f5es de fazer, monitorando prazos, documentos e status das solicita\u00e7\u00f5es realizadas ao cliente;<br \/>\nRedigir e protocolar peti\u00e7\u00f5es relacionadas \u00e0s obriga\u00e7\u00f5es de fazer;<br \/>\nComunica\u00e7\u00e3o com clientes por e-mail e telefone, com foco em um atendimento eficaz e cordial;<br \/>\nPrestar apoio geral \u00e0s demandas do setor jur\u00eddico, garantindo o bom funcionamento das rotinas di\u00e1rias e colaborando com a equipe jur\u00eddica para resolu\u00e7\u00e3o de pend\u00eancias.<\/p>\n<p>Requisitos:<br \/>\nForma\u00e7\u00e3o superior completa ou em andamento em Direito;<br \/>\nExperi\u00eancia comprovada na \u00e1rea de Direito Banc\u00e1rio, em escrit\u00f3rios de advocacia ou no setor corporativo;<br \/>\nHabilidade com ferramentas de gest\u00e3o de documentos e processos;<br \/>\nCapacidade anal\u00edtica apurada e habilidade em resolver problemas;<br \/>\nExperi\u00eancia espec\u00edfica na tratativa de obriga\u00e7\u00e3o de fazer.<\/p>\n<p>O que oferecemos:<br \/>\nPlano de Sa\u00fade\/Odontol\u00f3gico (ap\u00f3s 90 dias), VA\/VR ( R$ 28, para usar como quiser), VT, DayOff no seu anivers\u00e1rio, refeit\u00f3rio no local e conv\u00eanios;<br \/>\nHor\u00e1rio: 9h \u00e0s 18h, de segunda-feira a sexta-feira;<br \/>\nLocal de atua\u00e7\u00e3o: Centro-RJ.<\/p>\n<ul>\n<li>Local de trabalho: Rio de Janeiro, RJ<\/li>\n<li>Regime de contrata\u00e7\u00e3o de tipo: Efetivo \u2013 CLT<\/li>\n<li>Jornada: Per\u00edodo Integral<\/li>\n<li>\u00c1rea e especializa\u00e7\u00e3o profissional: Jur\u00eddica &#8211; C\u00edvel<\/li>\n<li>N\u00edvel hier\u00e1rquico: Assistente<\/li>\n<\/ul>\n<p>Escolaridade M\u00ednima: Ensino Superior<\/p>\n<ul>\n<li>Vale-alimenta\u00e7\u00e3o<\/li>\n<li>Vale-refei\u00e7\u00e3o<\/li>\n<li>Vale-transporte<\/li>\n<li>Assist\u00eancia m\u00e9dica<\/li>\n<li>Assist\u00eancia odontol\u00f3gica<\/li>\n<\/ul>\n<p>Sal\u00e1rio: 2300,0<\/p>\n","protected":false},"excerpt":{"rendered":"<p>Com mais de 20 anos de experi\u00eancia, o Cavalcante Ramos Advogados \u00e9 reconhecido por sua excel\u00eancia e destaque na advocacia nacional, sendo inclu\u00eddo por mais de dez anos consecutivos na renomada lista da revista An\u00e1lise Advocacia 500 como um dos escrit\u00f3rios mais admirados do Brasil. Nossa trajet\u00f3ria \u00e9 pautada na inova\u00e7\u00e3o e excel\u00eancia em servi\u00e7os [&hellip;]<\/p>\n","protected":false},"author":1,"featured_media":0,"comment_status":"open","ping_status":"open","sticky":false,"template":"","format":"standard","meta":{"footnotes":""},"categories":[21],"tags":[],"class_list":["post-5029","post","type-post","status-publish","format-standard","hentry","category-rio-de-janeiro-rj"],"_links":{"self":[{"href":"https:\/\/vagas.portalemprego.com.br\/index.php?rest_route=\/wp\/v2\/posts\/5029","targetHints":{"allow":["GET"]}}],"collection":[{"href":"https:\/\/vagas.portalemprego.com.br\/index.php?rest_route=\/wp\/v2\/posts"}],"about":[{"href":"https:\/\/vagas.portalemprego.com.br\/index.php?rest_route=\/wp\/v2\/types\/post"}],"author":[{"embeddable":true,"href":"https:\/\/vagas.portalemprego.com.br\/index.php?rest_route=\/wp\/v2\/users\/1"}],"replies":[{"embeddable":true,"href":"https:\/\/vagas.portalemprego.com.br\/index.php?rest_route=%2Fwp%2Fv2%2Fcomments&post=5029"}],"version-history":[{"count":0,"href":"https:\/\/vagas.portalemprego.com.br\/index.php?rest_route=\/wp\/v2\/posts\/5029\/revisions"}],"wp:attachment":[{"href":"https:\/\/vagas.portalemprego.com.br\/index.php?rest_route=%2Fwp%2Fv2%2Fmedia&parent=5029"}],"wp:term":[{"taxonomy":"category","embeddable":true,"href":"https:\/\/vagas.portalemprego.com.br\/index.php?rest_route=%2Fwp%2Fv2%2Fcategories&post=5029"},{"taxonomy":"post_tag","embeddable":true,"href":"https:\/\/vagas.portalemprego.com.br\/index.php?rest_route=%2Fwp%2Fv2%2Ftags&post=5029"}],"curies":[{"name":"wp","href":"https:\/\/api.w.org\/{rel}","templated":true}]}}