{"id":5032,"date":"2026-04-29T06:20:20","date_gmt":"2026-04-29T09:20:20","guid":{"rendered":"https:\/\/vagas.portalemprego.com.br\/?p=5032"},"modified":"2026-04-29T06:20:20","modified_gmt":"2026-04-29T09:20:20","slug":"zelador-servicos-gerais-rio-de-janeiro-3","status":"publish","type":"post","link":"https:\/\/vagas.portalemprego.com.br\/?p=5032","title":{"rendered":"Zelador &#8211; Servi\u00e7os Gerais &#8211; Rio de Janeiro"},"content":{"rendered":"<p>O profissional ser\u00e1 respons\u00e1vel por apoiar a administra\u00e7\u00e3o nas demandas di\u00e1rias do condom\u00ednio, realizando vistorias peri\u00f3dicas, acompanhando rotinas operacionais e executando pequenos reparos sempre que necess\u00e1rio.<\/p>\n<p>Obrigat\u00f3rio:<br \/>\n&#8211; Ensino m\u00e9dio completo;<br \/>\n&#8211; Possuir NR10 e a NR 35;<br \/>\n&#8211; Experi\u00eancia na \u00e1rea de Zeladoria;<br \/>\n&#8211; Disponibilidade de in\u00edcio imediato;<br \/>\n&#8211; Residir pr\u00f3ximo a Campo Grande.<\/p>\n<ul>\n<li>Local de trabalho: Rio de Janeiro, RJ<\/li>\n<li>Regime de contrata\u00e7\u00e3o de tipo: Efetivo \u2013 CLT<\/li>\n<li>Jornada: Per\u00edodo Integral<\/li>\n<li>\u00c1rea e especializa\u00e7\u00e3o profissional: Servi\u00e7os Gerais &#8211; Zeladoria<\/li>\n<li>N\u00edvel hier\u00e1rquico: Operacional<\/li>\n<\/ul>\n<p>VALORIZADO<\/p>\n<p>Tempo de experi\u00eancia: Menos de 1 ano<\/p>\n<p>Escolaridade M\u00ednima: Ensino M\u00e9dio (2\u00ba Grau)<\/p>\n<p>Sal\u00e1rio: 1953,71<\/p>\n","protected":false},"excerpt":{"rendered":"<p>O profissional ser\u00e1 respons\u00e1vel por apoiar a administra\u00e7\u00e3o nas demandas di\u00e1rias do condom\u00ednio, realizando vistorias peri\u00f3dicas, acompanhando rotinas operacionais e executando pequenos reparos sempre que necess\u00e1rio. Obrigat\u00f3rio: &#8211; Ensino m\u00e9dio completo; &#8211; Possuir NR10 e a NR 35; &#8211; Experi\u00eancia na \u00e1rea de Zeladoria; &#8211; Disponibilidade de in\u00edcio imediato; &#8211; Residir pr\u00f3ximo a Campo Grande. [&hellip;]<\/p>\n","protected":false},"author":1,"featured_media":0,"comment_status":"open","ping_status":"open","sticky":false,"template":"","format":"standard","meta":{"footnotes":""},"categories":[21],"tags":[],"class_list":["post-5032","post","type-post","status-publish","format-standard","hentry","category-rio-de-janeiro-rj"],"_links":{"self":[{"href":"https:\/\/vagas.portalemprego.com.br\/index.php?rest_route=\/wp\/v2\/posts\/5032","targetHints":{"allow":["GET"]}}],"collection":[{"href":"https:\/\/vagas.portalemprego.com.br\/index.php?rest_route=\/wp\/v2\/posts"}],"about":[{"href":"https:\/\/vagas.portalemprego.com.br\/index.php?rest_route=\/wp\/v2\/types\/post"}],"author":[{"embeddable":true,"href":"https:\/\/vagas.portalemprego.com.br\/index.php?rest_route=\/wp\/v2\/users\/1"}],"replies":[{"embeddable":true,"href":"https:\/\/vagas.portalemprego.com.br\/index.php?rest_route=%2Fwp%2Fv2%2Fcomments&post=5032"}],"version-history":[{"count":0,"href":"https:\/\/vagas.portalemprego.com.br\/index.php?rest_route=\/wp\/v2\/posts\/5032\/revisions"}],"wp:attachment":[{"href":"https:\/\/vagas.portalemprego.com.br\/index.php?rest_route=%2Fwp%2Fv2%2Fmedia&parent=5032"}],"wp:term":[{"taxonomy":"category","embeddable":true,"href":"https:\/\/vagas.portalemprego.com.br\/index.php?rest_route=%2Fwp%2Fv2%2Fcategories&post=5032"},{"taxonomy":"post_tag","embeddable":true,"href":"https:\/\/vagas.portalemprego.com.br\/index.php?rest_route=%2Fwp%2Fv2%2Ftags&post=5032"}],"curies":[{"name":"wp","href":"https:\/\/api.w.org\/{rel}","templated":true}]}}