{"id":5034,"date":"2026-04-29T06:20:20","date_gmt":"2026-04-29T09:20:20","guid":{"rendered":"https:\/\/vagas.portalemprego.com.br\/?p=5034"},"modified":"2026-04-29T06:20:20","modified_gmt":"2026-04-29T09:20:20","slug":"analista-de-rh-recursos-humanos-rio-de-janeiro-6","status":"publish","type":"post","link":"https:\/\/vagas.portalemprego.com.br\/?p=5034","title":{"rendered":"Analista de RH &#8211; Recursos Humanos &#8211; Rio de Janeiro"},"content":{"rendered":"<p>O AEC CENTRO DE CONTATOS est\u00e1 em busca de um profissional din\u00e2mico e experiente para o cargo de Analista de RH.<br \/>\nEste \u00e9 um papel fundamental para garantir que nossa equipe esteja n\u00e3o apenas bem-funcionando, mas tamb\u00e9m satisfeita e engajada.<br \/>\nO candidato certo ser\u00e1 respons\u00e1vel por gerenciar processos de recrutamento, desenvolvimento de pol\u00edticas de RH, bem como suporte ao colaborador em diversas \u00e1reas.<\/p>\n<p>Voc\u00ea ser\u00e1 o ponto de contato entre a alta administra\u00e7\u00e3o e os colaboradores, garantindo que as pol\u00edticas e pr\u00e1ticas de RH estejam alinhadas com as necessidades da empresa e dos funcion\u00e1rios.<br \/>\nSuas principais responsabilidades incluir\u00e3o a realiza\u00e7\u00e3o de entrevistas, avalia\u00e7\u00e3o de desempenho, desenvolvimento de programas de treinamento e orienta\u00e7\u00e3o sobre benef\u00edcios e pol\u00edticas internas.<\/p>\n<p>Experi\u00eancia em recrutamento ativo e processos de sele\u00e7\u00e3o \u00e9 essencial, assim como um profundo entendimento das legisla\u00e7\u00f5es trabalhistas e pr\u00e1ticas de gest\u00e3o de pessoas.<br \/>\nO candidato deve demonstrar habilidades de comunica\u00e7\u00e3o eficaz, tanto escrita quanto oral, e possuir uma abordagem proativa para resolver problemas e melhorar os processos existentes.<\/p>\n<p>Nossa empresa valoriza a diversidade e o crescimento profissional, oferecendo um ambiente de trabalho colaborativo e desafiador.<br \/>\nSe voc\u00ea tem um hist\u00f3rico comprovado em gest\u00e3o de RH e est\u00e1 buscando um novo desafio, esta oportunidade \u00e9 para voc\u00ea.<br \/>\nJunte-se a n\u00f3s e fa\u00e7a parte de uma equipe que valoriza o desenvolvimento de cada membro.<\/p>\n<p>A AEC CENTRO DE CONTATOS oferece um pacote de benef\u00edcios competitivo, incluindo plano de sa\u00fade, participa\u00e7\u00e3o em programas de desenvolvimento e um ambiente de trabalho que promove o bem-estar e o crescimento profissional.<br \/>\nVenha fazer parte de uma equipe que se preocupa com o bem-estar e o desenvolvimento de seus colaboradores.<\/p>\n<ul>\n<li>Local de trabalho: Rio de Janeiro, RJ<\/li>\n<li>Regime de contrata\u00e7\u00e3o de tipo: Outros<\/li>\n<li>Jornada: Per\u00edodo Integral<\/li>\n<li>\u00c1rea e especializa\u00e7\u00e3o profissional: Recursos Humanos &#8211; Recursos Humanos (Generalista)<\/li>\n<li>N\u00edvel hier\u00e1rquico: Analista<\/li>\n<\/ul>\n<p>VALORIZADO<\/p>\n<p>Tempo de experi\u00eancia: Entre 1 e 3 anos<\/p>\n<p>Escolaridade M\u00ednima: Ensino Superior<\/p>\n","protected":false},"excerpt":{"rendered":"<p>O AEC CENTRO DE CONTATOS est\u00e1 em busca de um profissional din\u00e2mico e experiente para o cargo de Analista de RH. Este \u00e9 um papel fundamental para garantir que nossa equipe esteja n\u00e3o apenas bem-funcionando, mas tamb\u00e9m satisfeita e engajada. O candidato certo ser\u00e1 respons\u00e1vel por gerenciar processos de recrutamento, desenvolvimento de pol\u00edticas de RH, [&hellip;]<\/p>\n","protected":false},"author":1,"featured_media":0,"comment_status":"open","ping_status":"open","sticky":false,"template":"","format":"standard","meta":{"footnotes":""},"categories":[21],"tags":[],"class_list":["post-5034","post","type-post","status-publish","format-standard","hentry","category-rio-de-janeiro-rj"],"_links":{"self":[{"href":"https:\/\/vagas.portalemprego.com.br\/index.php?rest_route=\/wp\/v2\/posts\/5034","targetHints":{"allow":["GET"]}}],"collection":[{"href":"https:\/\/vagas.portalemprego.com.br\/index.php?rest_route=\/wp\/v2\/posts"}],"about":[{"href":"https:\/\/vagas.portalemprego.com.br\/index.php?rest_route=\/wp\/v2\/types\/post"}],"author":[{"embeddable":true,"href":"https:\/\/vagas.portalemprego.com.br\/index.php?rest_route=\/wp\/v2\/users\/1"}],"replies":[{"embeddable":true,"href":"https:\/\/vagas.portalemprego.com.br\/index.php?rest_route=%2Fwp%2Fv2%2Fcomments&post=5034"}],"version-history":[{"count":0,"href":"https:\/\/vagas.portalemprego.com.br\/index.php?rest_route=\/wp\/v2\/posts\/5034\/revisions"}],"wp:attachment":[{"href":"https:\/\/vagas.portalemprego.com.br\/index.php?rest_route=%2Fwp%2Fv2%2Fmedia&parent=5034"}],"wp:term":[{"taxonomy":"category","embeddable":true,"href":"https:\/\/vagas.portalemprego.com.br\/index.php?rest_route=%2Fwp%2Fv2%2Fcategories&post=5034"},{"taxonomy":"post_tag","embeddable":true,"href":"https:\/\/vagas.portalemprego.com.br\/index.php?rest_route=%2Fwp%2Fv2%2Ftags&post=5034"}],"curies":[{"name":"wp","href":"https:\/\/api.w.org\/{rel}","templated":true}]}}