{"id":5035,"date":"2026-04-29T06:20:20","date_gmt":"2026-04-29T09:20:20","guid":{"rendered":"https:\/\/vagas.portalemprego.com.br\/?p=5035"},"modified":"2026-04-29T06:20:20","modified_gmt":"2026-04-29T09:20:20","slug":"tecnico-multiskill-casa-cliente-informatica-ti-telecomunicacoes-angra-dos-reis","status":"publish","type":"post","link":"https:\/\/vagas.portalemprego.com.br\/?p=5035","title":{"rendered":"TECNICO MULTISKILL (CASA CLIENTE) &#8211; Inform\u00e1tica, TI, Telecomunica\u00e7\u00f5es &#8211; Angra dos Reis"},"content":{"rendered":"<p>T\u00e9cnico\u00a0Multiskill\u00a0&#8211;\u00a0Casa\u00a0Cliente<\/p>\n<p>Estimado(a)\u00a0Candidato(a),<br \/>\nComo\u00a0T\u00e9cnico\u00a0Multiskill,\u00a0voc\u00ea\u00a0ser\u00e1\u00a0o\u00a0nosso\u00a0especialista\u00a0de\u00a0linha\u00a0de\u00a0frente,\u00a0atuando\u00a0diretamente\u00a0na\u00a0casa\u00a0do\u00a0cliente\u00a0para\u00a0garantir\u00a0a\u00a0m\u00e1xima\u00a0qualidade\u00a0de\u00a0conex\u00e3o.\u00a0Voc\u00ea\u00a0ser\u00e1\u00a0respons\u00e1vel\u00a0por\u00a0entender\u00a0o\u00a0ambiente\u00a0do\u00a0cliente,\u00a0identificar\u00a0as\u00a0melhores\u00a0rotas\u00a0de\u00a0cabeamento\u00a0e\u00a0garantir\u00a0que\u00a0o\u00a0sinal\u00a0chegue\u00a0com\u00a0m\u00e1xima\u00a0pot\u00eancia\u00a0em\u00a0todos\u00a0os\u00a0c\u00f4modos.<br \/>\n??\u00a0Responsabilidades:<br \/>\nFornecer\u00a0suporte\u00a0t\u00e9cnico\u00a0especializado\u00a0em\u00a0Fibra\u00a0\u00d3ptica\u00a0em\u00a0nossa\u00a0base\u00a0de\u00a0clientes.<br \/>\nInstalar,\u00a0configurar,\u00a0manter\u00a0e\u00a0resolver\u00a0problemas\u00a0em\u00a0sistemas\u00a0de\u00a0Fibra\u00a0\u00d3ptica.<br \/>\nAtender\u00a0a\u00a0solicita\u00e7\u00f5es\u00a0de\u00a0servi\u00e7os\u00a0em\u00a0Casa\u00a0do\u00a0Cliente\u00a0de\u00a0forma\u00a0eficiente\u00a0e\u00a0profissional.<br \/>\nManter\u00a0registros\u00a0precisos\u00a0de\u00a0atendimentos\u00a0e\u00a0trabalhos\u00a0realizados.<br \/>\nPromover\u00a0a\u00a0satisfa\u00e7\u00e3o\u00a0do\u00a0cliente\u00a0por\u00a0meio\u00a0de\u00a0solu\u00e7\u00f5es\u00a0eficazes\u00a0e\u00a0eficientes.<br \/>\n??\u00a0Requisitos:<br \/>\nExperi\u00eancia\u00a0comprovada\u00a0em\u00a0trabalhos\u00a0relacionados\u00a0\u00e0\u00a0Fibra\u00a0\u00d3ptica.<br \/>\nHabilidade\u00a0em\u00a0prestar\u00a0servi\u00e7os\u00a0de\u00a0atendimento\u00a0em\u00a0Casa\u00a0do\u00a0Cliente.<br \/>\nConhecimento\u00a0em\u00a0instala\u00e7\u00e3o,\u00a0manuten\u00e7\u00e3o\u00a0e\u00a0reparo\u00a0de\u00a0sistemas\u00a0de\u00a0Fibra\u00a0\u00d3ptica.<br \/>\nCapacidade\u00a0de\u00a0trabalhar\u00a0em\u00a0hor\u00e1rio\u00a0comercial\u00a0e,\u00a0\u00e0s\u00a0vezes,\u00a0em\u00a0hor\u00e1rio\u00a0expandido.<br \/>\nDom\u00ednio\u00a0de\u00a0ferramentas\u00a0e\u00a0t\u00e9cnicas\u00a0de\u00a0diagn\u00f3stico\u00a0e\u00a0resolu\u00e7\u00e3o\u00a0de\u00a0problemas.<br \/>\nExcelentes\u00a0habilidades\u00a0de\u00a0comunica\u00e7\u00e3o\u00a0e\u00a0relacionamento\u00a0interpessoal.<br \/>\nCarro\u00a0a\u00a0partir\u00a0do\u00a0ano\u00a0de\u00a02012.<br \/>\n?\u00a0Benef\u00edcios<br \/>\n??\u00a0Vale\u00a0Alimenta\u00e7\u00e3o\/Refei\u00e7\u00e3o<br \/>\n??\u00a0Assist\u00eancia\u00a0M\u00e9dica\u00a0<br \/>\n??\u00a0Assist\u00eancia\u00a0Odontol\u00f3gica<br \/>\n??\u00a0Seguro\u00a0de\u00a0Vida<br \/>\n??\u00a0PPR<br \/>\n??\u00a0Wellhub\u00a0(Ap\u00f3s\u00a03\u00a0meses)<\/p>\n<p>Aguardo\u00a0sua\u00a0resposta.<br \/>\nEquipe\u00a0de\u00a0Recrutamento\u00a0ABILITY.<\/p>\n<ul>\n<li>Local de trabalho: Angra dos Reis, RJ<\/li>\n<li>Regime de contrata\u00e7\u00e3o de tipo: Efetivo \u2013 CLT<\/li>\n<li>Jornada: Per\u00edodo Integral<\/li>\n<li>\u00c1rea e especializa\u00e7\u00e3o profissional: Inform\u00e1tica, TI, Telecomunica\u00e7\u00f5es &#8211; Telecomunica\u00e7\u00f5es<\/li>\n<li>N\u00edvel hier\u00e1rquico: Operacional<\/li>\n<\/ul>\n<p>VALORIZADO<\/p>\n<p>Tempo de experi\u00eancia: Menos de 1 ano<\/p>\n<p>HABILIDADES<\/p>\n<ul>\n<li>FIBRA OPTICA<\/li>\n<li>CASA CLIENTE<\/li>\n<\/ul>\n<p>Escolaridade M\u00ednima: Ensino M\u00e9dio (2\u00ba Grau)<\/p>\n<p>Ve\u00edculo pr\u00f3prio<\/p>\n<ul>\n<li>Assist\u00eancia odontol\u00f3gica<\/li>\n<li>Seguro de Vida<\/li>\n<li>Assist\u00eancia m\u00e9dica<\/li>\n<li>VR<\/li>\n<\/ul>\n","protected":false},"excerpt":{"rendered":"<p>T\u00e9cnico\u00a0Multiskill\u00a0&#8211;\u00a0Casa\u00a0Cliente Estimado(a)\u00a0Candidato(a), Como\u00a0T\u00e9cnico\u00a0Multiskill,\u00a0voc\u00ea\u00a0ser\u00e1\u00a0o\u00a0nosso\u00a0especialista\u00a0de\u00a0linha\u00a0de\u00a0frente,\u00a0atuando\u00a0diretamente\u00a0na\u00a0casa\u00a0do\u00a0cliente\u00a0para\u00a0garantir\u00a0a\u00a0m\u00e1xima\u00a0qualidade\u00a0de\u00a0conex\u00e3o.\u00a0Voc\u00ea\u00a0ser\u00e1\u00a0respons\u00e1vel\u00a0por\u00a0entender\u00a0o\u00a0ambiente\u00a0do\u00a0cliente,\u00a0identificar\u00a0as\u00a0melhores\u00a0rotas\u00a0de\u00a0cabeamento\u00a0e\u00a0garantir\u00a0que\u00a0o\u00a0sinal\u00a0chegue\u00a0com\u00a0m\u00e1xima\u00a0pot\u00eancia\u00a0em\u00a0todos\u00a0os\u00a0c\u00f4modos. ??\u00a0Responsabilidades: Fornecer\u00a0suporte\u00a0t\u00e9cnico\u00a0especializado\u00a0em\u00a0Fibra\u00a0\u00d3ptica\u00a0em\u00a0nossa\u00a0base\u00a0de\u00a0clientes. Instalar,\u00a0configurar,\u00a0manter\u00a0e\u00a0resolver\u00a0problemas\u00a0em\u00a0sistemas\u00a0de\u00a0Fibra\u00a0\u00d3ptica. Atender\u00a0a\u00a0solicita\u00e7\u00f5es\u00a0de\u00a0servi\u00e7os\u00a0em\u00a0Casa\u00a0do\u00a0Cliente\u00a0de\u00a0forma\u00a0eficiente\u00a0e\u00a0profissional. Manter\u00a0registros\u00a0precisos\u00a0de\u00a0atendimentos\u00a0e\u00a0trabalhos\u00a0realizados. Promover\u00a0a\u00a0satisfa\u00e7\u00e3o\u00a0do\u00a0cliente\u00a0por\u00a0meio\u00a0de\u00a0solu\u00e7\u00f5es\u00a0eficazes\u00a0e\u00a0eficientes. ??\u00a0Requisitos: Experi\u00eancia\u00a0comprovada\u00a0em\u00a0trabalhos\u00a0relacionados\u00a0\u00e0\u00a0Fibra\u00a0\u00d3ptica. Habilidade\u00a0em\u00a0prestar\u00a0servi\u00e7os\u00a0de\u00a0atendimento\u00a0em\u00a0Casa\u00a0do\u00a0Cliente. Conhecimento\u00a0em\u00a0instala\u00e7\u00e3o,\u00a0manuten\u00e7\u00e3o\u00a0e\u00a0reparo\u00a0de\u00a0sistemas\u00a0de\u00a0Fibra\u00a0\u00d3ptica. Capacidade\u00a0de\u00a0trabalhar\u00a0em\u00a0hor\u00e1rio\u00a0comercial\u00a0e,\u00a0\u00e0s\u00a0vezes,\u00a0em\u00a0hor\u00e1rio\u00a0expandido. Dom\u00ednio\u00a0de\u00a0ferramentas\u00a0e\u00a0t\u00e9cnicas\u00a0de\u00a0diagn\u00f3stico\u00a0e\u00a0resolu\u00e7\u00e3o\u00a0de\u00a0problemas. Excelentes\u00a0habilidades\u00a0de\u00a0comunica\u00e7\u00e3o\u00a0e\u00a0relacionamento\u00a0interpessoal. Carro\u00a0a\u00a0partir\u00a0do\u00a0ano\u00a0de\u00a02012. ?\u00a0Benef\u00edcios ??\u00a0Vale\u00a0Alimenta\u00e7\u00e3o\/Refei\u00e7\u00e3o ??\u00a0Assist\u00eancia\u00a0M\u00e9dica\u00a0 ??\u00a0Assist\u00eancia\u00a0Odontol\u00f3gica ??\u00a0Seguro\u00a0de\u00a0Vida ??\u00a0PPR ??\u00a0Wellhub\u00a0(Ap\u00f3s\u00a03\u00a0meses) Aguardo\u00a0sua\u00a0resposta. Equipe\u00a0de\u00a0Recrutamento\u00a0ABILITY. Local de trabalho: Angra dos Reis, RJ Regime de contrata\u00e7\u00e3o de tipo: Efetivo \u2013 CLT Jornada: Per\u00edodo Integral \u00c1rea e especializa\u00e7\u00e3o profissional: Inform\u00e1tica, TI, Telecomunica\u00e7\u00f5es &#8211; Telecomunica\u00e7\u00f5es N\u00edvel hier\u00e1rquico: [&hellip;]<\/p>\n","protected":false},"author":1,"featured_media":0,"comment_status":"open","ping_status":"open","sticky":false,"template":"","format":"standard","meta":{"footnotes":""},"categories":[21],"tags":[],"class_list":["post-5035","post","type-post","status-publish","format-standard","hentry","category-rio-de-janeiro-rj"],"_links":{"self":[{"href":"https:\/\/vagas.portalemprego.com.br\/index.php?rest_route=\/wp\/v2\/posts\/5035","targetHints":{"allow":["GET"]}}],"collection":[{"href":"https:\/\/vagas.portalemprego.com.br\/index.php?rest_route=\/wp\/v2\/posts"}],"about":[{"href":"https:\/\/vagas.portalemprego.com.br\/index.php?rest_route=\/wp\/v2\/types\/post"}],"author":[{"embeddable":true,"href":"https:\/\/vagas.portalemprego.com.br\/index.php?rest_route=\/wp\/v2\/users\/1"}],"replies":[{"embeddable":true,"href":"https:\/\/vagas.portalemprego.com.br\/index.php?rest_route=%2Fwp%2Fv2%2Fcomments&post=5035"}],"version-history":[{"count":0,"href":"https:\/\/vagas.portalemprego.com.br\/index.php?rest_route=\/wp\/v2\/posts\/5035\/revisions"}],"wp:attachment":[{"href":"https:\/\/vagas.portalemprego.com.br\/index.php?rest_route=%2Fwp%2Fv2%2Fmedia&parent=5035"}],"wp:term":[{"taxonomy":"category","embeddable":true,"href":"https:\/\/vagas.portalemprego.com.br\/index.php?rest_route=%2Fwp%2Fv2%2Fcategories&post=5035"},{"taxonomy":"post_tag","embeddable":true,"href":"https:\/\/vagas.portalemprego.com.br\/index.php?rest_route=%2Fwp%2Fv2%2Ftags&post=5035"}],"curies":[{"name":"wp","href":"https:\/\/api.w.org\/{rel}","templated":true}]}}