{"id":5037,"date":"2026-04-29T06:20:20","date_gmt":"2026-04-29T09:20:20","guid":{"rendered":"https:\/\/vagas.portalemprego.com.br\/?p=5037"},"modified":"2026-04-29T06:20:20","modified_gmt":"2026-04-29T09:20:20","slug":"tecnico-multiskill-casa-cliente-informatica-ti-telecomunicacoes-barra-mansa","status":"publish","type":"post","link":"https:\/\/vagas.portalemprego.com.br\/?p=5037","title":{"rendered":"TECNICO MULTISKILL (CASA CLIENTE) &#8211; Inform\u00e1tica, TI, Telecomunica\u00e7\u00f5es &#8211; Barra Mansa"},"content":{"rendered":"<p>T\u00e9cnico Multiskill &#8211; Casa Cliente<\/p>\n<p>Estimado(a) Candidato(a),<br \/>\nComo T\u00e9cnico Multiskill, voc\u00ea ser\u00e1 o nosso especialista de linha de frente, atuando diretamente na casa do cliente para garantir a m\u00e1xima qualidade de conex\u00e3o. Voc\u00ea ser\u00e1 respons\u00e1vel por entender o ambiente do cliente, identificar as melhores rotas de cabeamento e garantir que o sinal chegue com m\u00e1xima pot\u00eancia em todos os c\u00f4modos.<br \/>\n?? Responsabilidades:<br \/>\nFornecer\u00a0suporte\u00a0t\u00e9cnico\u00a0especializado\u00a0em\u00a0Fibra\u00a0\u00d3ptica\u00a0em\u00a0nossa\u00a0base\u00a0de\u00a0clientes.<br \/>\nInstalar,\u00a0configurar,\u00a0manter\u00a0e\u00a0resolver\u00a0problemas\u00a0em\u00a0sistemas\u00a0de\u00a0Fibra\u00a0\u00d3ptica.<br \/>\nAtender\u00a0a\u00a0solicita\u00e7\u00f5es\u00a0de\u00a0servi\u00e7os\u00a0em\u00a0Casa\u00a0do\u00a0Cliente\u00a0de\u00a0forma\u00a0eficiente\u00a0e\u00a0profissional.<br \/>\nManter\u00a0registros\u00a0precisos\u00a0de\u00a0atendimentos\u00a0e\u00a0trabalhos\u00a0realizados.<br \/>\nPromover\u00a0a\u00a0satisfa\u00e7\u00e3o\u00a0do\u00a0cliente\u00a0por\u00a0meio\u00a0de\u00a0solu\u00e7\u00f5es\u00a0eficazes\u00a0e\u00a0eficientes.<br \/>\n?? Requisitos:<br \/>\nExperi\u00eancia comprovada em trabalhos relacionados \u00e0 Fibra \u00d3ptica.<br \/>\nHabilidade em prestar servi\u00e7os de atendimento em Casa do Cliente.<br \/>\nConhecimento em instala\u00e7\u00e3o, manuten\u00e7\u00e3o e reparo de sistemas de Fibra \u00d3ptica.<br \/>\nCapacidade de trabalhar em hor\u00e1rio comercial e, \u00e0s vezes, em hor\u00e1rio expandido.<br \/>\nDom\u00ednio de ferramentas e t\u00e9cnicas de diagn\u00f3stico e resolu\u00e7\u00e3o de problemas.<br \/>\nExcelentes habilidades de comunica\u00e7\u00e3o e relacionamento interpessoal.<br \/>\nCarro a partir do ano de 2012.<br \/>\n?\u00a0Benef\u00edcios<br \/>\n??\u00a0Vale\u00a0Alimenta\u00e7\u00e3o\/Refei\u00e7\u00e3o<br \/>\n??\u00a0Assist\u00eancia\u00a0M\u00e9dica\u00a0<br \/>\n??\u00a0Assist\u00eancia\u00a0Odontol\u00f3gica<br \/>\n??\u00a0Seguro\u00a0de\u00a0Vida<br \/>\n??\u00a0PPR<br \/>\n??\u00a0Wellhub\u00a0(Ap\u00f3s\u00a03\u00a0meses)<br \/>\n?? Localidades:<br \/>\nVolta Redonda<br \/>\nBarra Mansa<\/p>\n<p>Aguardo sua resposta.<br \/>\nEquipe de Recrutamento ABILITY.<\/p>\n<ul>\n<li>Local de trabalho: Barra Mansa, RJ<\/li>\n<li>Regime de contrata\u00e7\u00e3o de tipo: Efetivo \u2013 CLT<\/li>\n<li>Jornada: Per\u00edodo Integral<\/li>\n<li>\u00c1rea e especializa\u00e7\u00e3o profissional: Inform\u00e1tica, TI, Telecomunica\u00e7\u00f5es &#8211; Telecomunica\u00e7\u00f5es<\/li>\n<li>N\u00edvel hier\u00e1rquico: Operacional<\/li>\n<\/ul>\n<p>VALORIZADO<\/p>\n<p>Tempo de experi\u00eancia: Menos de 1 ano<\/p>\n<p>HABILIDADES<\/p>\n<ul>\n<li>FIBRA OPTICA<\/li>\n<li>CASA CLIENTE<\/li>\n<\/ul>\n<p>Escolaridade M\u00ednima: Ensino M\u00e9dio (2\u00ba Grau)<\/p>\n<p>Ve\u00edculo pr\u00f3prio<\/p>\n<ul>\n<li>Assist\u00eancia odontol\u00f3gica<\/li>\n<li>Seguro de Vida<\/li>\n<li>Assist\u00eancia m\u00e9dica<\/li>\n<li>VR<\/li>\n<\/ul>\n","protected":false},"excerpt":{"rendered":"<p>T\u00e9cnico Multiskill &#8211; Casa Cliente Estimado(a) Candidato(a), Como T\u00e9cnico Multiskill, voc\u00ea ser\u00e1 o nosso especialista de linha de frente, atuando diretamente na casa do cliente para garantir a m\u00e1xima qualidade de conex\u00e3o. Voc\u00ea ser\u00e1 respons\u00e1vel por entender o ambiente do cliente, identificar as melhores rotas de cabeamento e garantir que o sinal chegue com m\u00e1xima [&hellip;]<\/p>\n","protected":false},"author":1,"featured_media":0,"comment_status":"open","ping_status":"open","sticky":false,"template":"","format":"standard","meta":{"footnotes":""},"categories":[21],"tags":[],"class_list":["post-5037","post","type-post","status-publish","format-standard","hentry","category-rio-de-janeiro-rj"],"_links":{"self":[{"href":"https:\/\/vagas.portalemprego.com.br\/index.php?rest_route=\/wp\/v2\/posts\/5037","targetHints":{"allow":["GET"]}}],"collection":[{"href":"https:\/\/vagas.portalemprego.com.br\/index.php?rest_route=\/wp\/v2\/posts"}],"about":[{"href":"https:\/\/vagas.portalemprego.com.br\/index.php?rest_route=\/wp\/v2\/types\/post"}],"author":[{"embeddable":true,"href":"https:\/\/vagas.portalemprego.com.br\/index.php?rest_route=\/wp\/v2\/users\/1"}],"replies":[{"embeddable":true,"href":"https:\/\/vagas.portalemprego.com.br\/index.php?rest_route=%2Fwp%2Fv2%2Fcomments&post=5037"}],"version-history":[{"count":0,"href":"https:\/\/vagas.portalemprego.com.br\/index.php?rest_route=\/wp\/v2\/posts\/5037\/revisions"}],"wp:attachment":[{"href":"https:\/\/vagas.portalemprego.com.br\/index.php?rest_route=%2Fwp%2Fv2%2Fmedia&parent=5037"}],"wp:term":[{"taxonomy":"category","embeddable":true,"href":"https:\/\/vagas.portalemprego.com.br\/index.php?rest_route=%2Fwp%2Fv2%2Fcategories&post=5037"},{"taxonomy":"post_tag","embeddable":true,"href":"https:\/\/vagas.portalemprego.com.br\/index.php?rest_route=%2Fwp%2Fv2%2Ftags&post=5037"}],"curies":[{"name":"wp","href":"https:\/\/api.w.org\/{rel}","templated":true}]}}