{"id":5039,"date":"2026-04-29T06:21:21","date_gmt":"2026-04-29T09:21:21","guid":{"rendered":"https:\/\/vagas.portalemprego.com.br\/?p=5039"},"modified":"2026-04-29T06:21:21","modified_gmt":"2026-04-29T09:21:21","slug":"operador-de-telemarketing-ativo-vendas-telemarketing-rio-de-janeiro-2","status":"publish","type":"post","link":"https:\/\/vagas.portalemprego.com.br\/?p=5039","title":{"rendered":"Operador de Telemarketing Ativo Vendas &#8211; Telemarketing &#8211; Rio de Janeiro"},"content":{"rendered":"<p>\u2022\tEnsino M\u00e9dio Completo;<br \/>\n\u2022\tInform\u00e1tica B\u00e1sica;<br \/>\n\u2022\tAtendimento e negocia\u00e7\u00e3o ao cliente;<br \/>\n\u2022\tT\u00e9cnicas de vendas ou Cobran\u00e7a;<br \/>\n\u2022\tHabilidades para se comunicar verbalmente;<br \/>\n\u2022\tTrabalhar com metas e resultados;<br \/>\n\u2022\tLidar com trabalho sob press\u00e3o;<br \/>\n\u2022\tRegistrar no sistema as informa\u00e7\u00f5es referentes \u00e0s atividades realizadas;<br \/>\n\u2022\tAtender conforme o manual de normas da empresa;<\/p>\n<ul>\n<li>N\u00famero de vagas: 30<\/li>\n<li>Local de trabalho: Rio de Janeiro, RJ<\/li>\n<li>Regime de contrata\u00e7\u00e3o de tipo: Efetivo \u2013 CLT<\/li>\n<li>Jornada: Per\u00edodo Integral<\/li>\n<li>\u00c1rea e especializa\u00e7\u00e3o profissional: Telemarketing &#8211; Telemarketing \/ Call Center Ativo<\/li>\n<li>N\u00edvel hier\u00e1rquico: Operacional<\/li>\n<\/ul>\n<p>VALORIZADO<\/p>\n<p>Tempo de experi\u00eancia: Menos de 1 ano<\/p>\n<p>HABILIDADES<\/p>\n<ul>\n<li>Lidar com metas<\/li>\n<li>Experi\u00eancia com atendimento ao cliente<\/li>\n<li>Organiza\u00e7\u00e3o e boa digita\u00e7\u00e3o<\/li>\n<li>No\u00e7\u00f5es de inform\u00e1tica<\/li>\n<li>Ter boa comunica\u00e7\u00e3o e um bom relacionamento interpessoal<\/li>\n<\/ul>\n<p>Escolaridade M\u00ednima: Ensino M\u00e9dio (2\u00ba Grau)<\/p>\n<p>Idiomas:<\/p>\n<ul>\n<li>Portugu\u00eas (Intermedi\u00e1rio)<\/li>\n<\/ul>\n<ul>\n<li>Vale-alimenta\u00e7\u00e3o<\/li>\n<li>Seguro de Vida<\/li>\n<li>Aux\u00edlo Creche<\/li>\n<li>PLR<\/li>\n<li>Vale-transporte<\/li>\n<li>Assist\u00eancia odontol\u00f3gica<\/li>\n<li>Assist\u00eancia m\u00e9dica<\/li>\n<li>Vale-refei\u00e7\u00e3o<\/li>\n<\/ul>\n<p>Sal\u00e1rio: 1518,0<\/p>\n","protected":false},"excerpt":{"rendered":"<p>\u2022 Ensino M\u00e9dio Completo; \u2022 Inform\u00e1tica B\u00e1sica; \u2022 Atendimento e negocia\u00e7\u00e3o ao cliente; \u2022 T\u00e9cnicas de vendas ou Cobran\u00e7a; \u2022 Habilidades para se comunicar verbalmente; \u2022 Trabalhar com metas e resultados; \u2022 Lidar com trabalho sob press\u00e3o; \u2022 Registrar no sistema as informa\u00e7\u00f5es referentes \u00e0s atividades realizadas; \u2022 Atender conforme o manual de normas da [&hellip;]<\/p>\n","protected":false},"author":1,"featured_media":0,"comment_status":"open","ping_status":"open","sticky":false,"template":"","format":"standard","meta":{"footnotes":""},"categories":[21],"tags":[],"class_list":["post-5039","post","type-post","status-publish","format-standard","hentry","category-rio-de-janeiro-rj"],"_links":{"self":[{"href":"https:\/\/vagas.portalemprego.com.br\/index.php?rest_route=\/wp\/v2\/posts\/5039","targetHints":{"allow":["GET"]}}],"collection":[{"href":"https:\/\/vagas.portalemprego.com.br\/index.php?rest_route=\/wp\/v2\/posts"}],"about":[{"href":"https:\/\/vagas.portalemprego.com.br\/index.php?rest_route=\/wp\/v2\/types\/post"}],"author":[{"embeddable":true,"href":"https:\/\/vagas.portalemprego.com.br\/index.php?rest_route=\/wp\/v2\/users\/1"}],"replies":[{"embeddable":true,"href":"https:\/\/vagas.portalemprego.com.br\/index.php?rest_route=%2Fwp%2Fv2%2Fcomments&post=5039"}],"version-history":[{"count":0,"href":"https:\/\/vagas.portalemprego.com.br\/index.php?rest_route=\/wp\/v2\/posts\/5039\/revisions"}],"wp:attachment":[{"href":"https:\/\/vagas.portalemprego.com.br\/index.php?rest_route=%2Fwp%2Fv2%2Fmedia&parent=5039"}],"wp:term":[{"taxonomy":"category","embeddable":true,"href":"https:\/\/vagas.portalemprego.com.br\/index.php?rest_route=%2Fwp%2Fv2%2Fcategories&post=5039"},{"taxonomy":"post_tag","embeddable":true,"href":"https:\/\/vagas.portalemprego.com.br\/index.php?rest_route=%2Fwp%2Fv2%2Ftags&post=5039"}],"curies":[{"name":"wp","href":"https:\/\/api.w.org\/{rel}","templated":true}]}}