{"id":5040,"date":"2026-04-29T06:21:21","date_gmt":"2026-04-29T09:21:21","guid":{"rendered":"https:\/\/vagas.portalemprego.com.br\/?p=5040"},"modified":"2026-04-29T06:21:21","modified_gmt":"2026-04-29T09:21:21","slug":"motorista-carreteiro-transportes-rio-de-janeiro","status":"publish","type":"post","link":"https:\/\/vagas.portalemprego.com.br\/?p=5040","title":{"rendered":"Motorista Carreteiro &#8211; Transportes &#8211; Rio de Janeiro"},"content":{"rendered":"<p>**Vagas Dispon\u00edveis para Carreteiro**<br \/>\nEstamos em busca de um profissional experiente e din\u00e2mico para se juntar \u00e0 nossa equipe como Carreteiro. Se voc\u00ea tem experi\u00eancia em transporte de cargas e busca um novo desafio, esta \u00e9 a oportunidade perfeita para voc\u00ea.<br \/>\n**Requisitos:**<br \/>\n&#8211; Experi\u00eancia comprovada como carreteiro ou em fun\u00e7\u00f5es similares.- Conhecimento em legisla\u00e7\u00e3o de tr\u00e2nsito e normas de seguran\u00e7a.- Habilidade para lidar com diferentes tipos de cargas e ve\u00edculos.- Disponibilidade para viagens e turnos de trabalho fora do padr\u00e3o.- Boa capacidade de organiza\u00e7\u00e3o e planejamento de rotas.<br \/>\n**Benef\u00edcios:**<br \/>\n&#8211; Sal\u00e1rio competitivo com bons benef\u00edcios adicionais.- Plano de sa\u00fade e seguro de vida.- Possibilidade de crescimento profissional dentro da empresa.- Ambiente de trabalho agrad\u00e1vel e colaborativo.<br \/>\n**O que voc\u00ea far\u00e1:**<br \/>\n&#8211; Realizar o transporte de cargas de acordo com as especifica\u00e7\u00f5es do cliente.- Garantir a seguran\u00e7a e a integridade da carga durante o transporte.- Realizar inspe\u00e7\u00f5es regulares do ve\u00edculo e da carga.- Cumprir as normas de seguran\u00e7a e regulamenta\u00e7\u00f5es aplic\u00e1veis.- Colaborar com a equipe de log\u00edstica para otimizar processos.<br \/>\nSe voc\u00ea \u00e9 um profissional dedicado e busca uma oportunidade de carreira em um ambiente que valoriza o trabalho em equipe e o crescimento profissional, candidate-se agora. Junte-se \u00e0 nossa equipe e contribua para o sucesso do nosso neg\u00f3cio.<br \/>\nAguardamos seu curr\u00edculo com entusiasmo.<\/p>\n<ul>\n<li>Local de trabalho: Rio de Janeiro, RJ<\/li>\n<li>Regime de contrata\u00e7\u00e3o de tipo: Efetivo \u2013 CLT<\/li>\n<li>Jornada: Per\u00edodo Integral<\/li>\n<li>\u00c1rea e especializa\u00e7\u00e3o profissional: Transportes &#8211; Motorista<\/li>\n<li>N\u00edvel hier\u00e1rquico: Operacional<\/li>\n<\/ul>\n<p>Escolaridade M\u00ednima: Ensino M\u00e9dio (2\u00ba Grau)<\/p>\n<p>Habilita\u00e7\u00e3o para dirigir: E<\/p>\n<p>Disponibilidade para viajar<\/p>\n<p>Sal\u00e1rio: 2868,68<\/p>\n","protected":false},"excerpt":{"rendered":"<p>**Vagas Dispon\u00edveis para Carreteiro** Estamos em busca de um profissional experiente e din\u00e2mico para se juntar \u00e0 nossa equipe como Carreteiro. Se voc\u00ea tem experi\u00eancia em transporte de cargas e busca um novo desafio, esta \u00e9 a oportunidade perfeita para voc\u00ea. **Requisitos:** &#8211; Experi\u00eancia comprovada como carreteiro ou em fun\u00e7\u00f5es similares.- Conhecimento em legisla\u00e7\u00e3o de [&hellip;]<\/p>\n","protected":false},"author":1,"featured_media":0,"comment_status":"open","ping_status":"open","sticky":false,"template":"","format":"standard","meta":{"footnotes":""},"categories":[21],"tags":[],"class_list":["post-5040","post","type-post","status-publish","format-standard","hentry","category-rio-de-janeiro-rj"],"_links":{"self":[{"href":"https:\/\/vagas.portalemprego.com.br\/index.php?rest_route=\/wp\/v2\/posts\/5040","targetHints":{"allow":["GET"]}}],"collection":[{"href":"https:\/\/vagas.portalemprego.com.br\/index.php?rest_route=\/wp\/v2\/posts"}],"about":[{"href":"https:\/\/vagas.portalemprego.com.br\/index.php?rest_route=\/wp\/v2\/types\/post"}],"author":[{"embeddable":true,"href":"https:\/\/vagas.portalemprego.com.br\/index.php?rest_route=\/wp\/v2\/users\/1"}],"replies":[{"embeddable":true,"href":"https:\/\/vagas.portalemprego.com.br\/index.php?rest_route=%2Fwp%2Fv2%2Fcomments&post=5040"}],"version-history":[{"count":0,"href":"https:\/\/vagas.portalemprego.com.br\/index.php?rest_route=\/wp\/v2\/posts\/5040\/revisions"}],"wp:attachment":[{"href":"https:\/\/vagas.portalemprego.com.br\/index.php?rest_route=%2Fwp%2Fv2%2Fmedia&parent=5040"}],"wp:term":[{"taxonomy":"category","embeddable":true,"href":"https:\/\/vagas.portalemprego.com.br\/index.php?rest_route=%2Fwp%2Fv2%2Fcategories&post=5040"},{"taxonomy":"post_tag","embeddable":true,"href":"https:\/\/vagas.portalemprego.com.br\/index.php?rest_route=%2Fwp%2Fv2%2Ftags&post=5040"}],"curies":[{"name":"wp","href":"https:\/\/api.w.org\/{rel}","templated":true}]}}