{"id":5048,"date":"2026-04-29T06:21:21","date_gmt":"2026-04-29T09:21:21","guid":{"rendered":"https:\/\/vagas.portalemprego.com.br\/?p=5048"},"modified":"2026-04-29T06:21:21","modified_gmt":"2026-04-29T09:21:21","slug":"auxiliar-de-servicos-gerais-pcd-servicos-gerais-rio-de-janeiro-9","status":"publish","type":"post","link":"https:\/\/vagas.portalemprego.com.br\/?p=5048","title":{"rendered":"Auxiliar de Servi\u00e7os Gerais (PCD) &#8211; Servi\u00e7os Gerais &#8211; Rio de Janeiro"},"content":{"rendered":"<p>Renomada escola, com mais de 115 anos de hist\u00f3ria, contrata para o cargo de Auxiliar de Servi\u00e7os Gerais.<br \/>\nOportunidade exclusiva para Pessoas com Defici\u00eancia (PCD) ou Reabilitadas pelo INSS. <\/p>\n<p>Atividades:<br \/>\n&#8211; Limpeza e higieniza\u00e7\u00e3o do local;<br \/>\n&#8211; Remo\u00e7\u00e3o de lixo e manuten\u00e7\u00e3o de materiais;<br \/>\n&#8211; Organiza\u00e7\u00e3o e confer\u00eancia de material de limpeza. <\/p>\n<p>Oferece sal\u00e1rio de R$ 1.936,05 + Vale Transporte.<\/p>\n<p>Local: Cosme Velho &#8211; RJ<\/p>\n<p>Hor\u00e1rio: De segunda a sexta-feira, das 09h \u00e0s 18h, com 1h de intervalo. <\/p>\n<p>Necess\u00e1rio:<br \/>\n&#8211; Ensino Fundamental completo;<br \/>\n&#8211; Viv\u00eancia pr\u00e9via como ASG.<\/p>\n<ul>\n<li>Local de trabalho: Rio de Janeiro, RJ<\/li>\n<li>Regime de contrata\u00e7\u00e3o de tipo: Efetivo \u2013 CLT<\/li>\n<li>Jornada: Per\u00edodo Integral<\/li>\n<li>\u00c1rea e especializa\u00e7\u00e3o profissional: Servi\u00e7os Gerais &#8211; Limpeza<\/li>\n<li>N\u00edvel hier\u00e1rquico: Auxiliar<\/li>\n<\/ul>\n<p>Escolaridade M\u00ednima: Ensino Fundamental (1\u00ba grau)<\/p>\n<p>Sal\u00e1rio: 1936,0<\/p>\n","protected":false},"excerpt":{"rendered":"<p>Renomada escola, com mais de 115 anos de hist\u00f3ria, contrata para o cargo de Auxiliar de Servi\u00e7os Gerais. Oportunidade exclusiva para Pessoas com Defici\u00eancia (PCD) ou Reabilitadas pelo INSS. Atividades: &#8211; Limpeza e higieniza\u00e7\u00e3o do local; &#8211; Remo\u00e7\u00e3o de lixo e manuten\u00e7\u00e3o de materiais; &#8211; Organiza\u00e7\u00e3o e confer\u00eancia de material de limpeza. Oferece sal\u00e1rio de [&hellip;]<\/p>\n","protected":false},"author":1,"featured_media":0,"comment_status":"open","ping_status":"open","sticky":false,"template":"","format":"standard","meta":{"footnotes":""},"categories":[21],"tags":[],"class_list":["post-5048","post","type-post","status-publish","format-standard","hentry","category-rio-de-janeiro-rj"],"_links":{"self":[{"href":"https:\/\/vagas.portalemprego.com.br\/index.php?rest_route=\/wp\/v2\/posts\/5048","targetHints":{"allow":["GET"]}}],"collection":[{"href":"https:\/\/vagas.portalemprego.com.br\/index.php?rest_route=\/wp\/v2\/posts"}],"about":[{"href":"https:\/\/vagas.portalemprego.com.br\/index.php?rest_route=\/wp\/v2\/types\/post"}],"author":[{"embeddable":true,"href":"https:\/\/vagas.portalemprego.com.br\/index.php?rest_route=\/wp\/v2\/users\/1"}],"replies":[{"embeddable":true,"href":"https:\/\/vagas.portalemprego.com.br\/index.php?rest_route=%2Fwp%2Fv2%2Fcomments&post=5048"}],"version-history":[{"count":0,"href":"https:\/\/vagas.portalemprego.com.br\/index.php?rest_route=\/wp\/v2\/posts\/5048\/revisions"}],"wp:attachment":[{"href":"https:\/\/vagas.portalemprego.com.br\/index.php?rest_route=%2Fwp%2Fv2%2Fmedia&parent=5048"}],"wp:term":[{"taxonomy":"category","embeddable":true,"href":"https:\/\/vagas.portalemprego.com.br\/index.php?rest_route=%2Fwp%2Fv2%2Fcategories&post=5048"},{"taxonomy":"post_tag","embeddable":true,"href":"https:\/\/vagas.portalemprego.com.br\/index.php?rest_route=%2Fwp%2Fv2%2Ftags&post=5048"}],"curies":[{"name":"wp","href":"https:\/\/api.w.org\/{rel}","templated":true}]}}