{"id":5049,"date":"2026-04-29T06:21:21","date_gmt":"2026-04-29T09:21:21","guid":{"rendered":"https:\/\/vagas.portalemprego.com.br\/?p=5049"},"modified":"2026-04-29T06:21:21","modified_gmt":"2026-04-29T09:21:21","slug":"auxiliar-de-servicos-gerais-servicos-gerais-rio-de-janeiro-70","status":"publish","type":"post","link":"https:\/\/vagas.portalemprego.com.br\/?p=5049","title":{"rendered":"Auxiliar de Servi\u00e7os Gerais &#8211; Servi\u00e7os Gerais &#8211; Rio de Janeiro"},"content":{"rendered":"<p>Estamos em busca de um profissional comprometido para ocupar a posi\u00e7\u00e3o de Auxiliar de Servi\u00e7os Gerais.<br \/>\nA (o) profissional ficar\u00e1 respons\u00e1vel, principalmente, pela limpeza, organiza\u00e7\u00e3o e manuten\u00e7\u00e3o dos ambientes do local.<br \/>\nLocal de trabalho: Ipanema, Rio de Janeiro<br \/>\nDias\/Hor\u00e1rios: Segunda-feira \u00e0 sexta-feira 11:00\/20:00; S\u00e1bados alternados 08:00\/14:00<\/p>\n<p>O que voc\u00ea precisa:<br \/>\nEnsino Fundamental completo;<br \/>\nExperi\u00eancia anterior na \u00e1rea de servi\u00e7os gerais ou afins;<br \/>\nProatividade e agilidade nas atividades.<\/p>\n<p>Oferecemos:<br \/>\nVale-transporte;<br \/>\n Vale-alimenta\u00e7\u00e3o;<br \/>\nAssist\u00eancia m\u00e9dica e odontol\u00f3gica;<br \/>\n Seguro de vida<br \/>\n Previd\u00eancia Privada<\/p>\n<p>Se voc\u00ea se identifica com o perfil descrito, inscreva-se no bot\u00e3o abaixo.<\/p>\n<ul>\n<li>Local de trabalho: Rio de Janeiro, RJ<\/li>\n<li>Regime de contrata\u00e7\u00e3o de tipo: Efetivo \u2013 CLT<\/li>\n<li>Jornada: Per\u00edodo Integral<\/li>\n<li>\u00c1rea e especializa\u00e7\u00e3o profissional: Servi\u00e7os Gerais &#8211; Limpeza<\/li>\n<li>N\u00edvel hier\u00e1rquico: Auxiliar<\/li>\n<\/ul>\n<p>Escolaridade M\u00ednima: Ensino Fundamental (1\u00ba grau)<\/p>\n","protected":false},"excerpt":{"rendered":"<p>Estamos em busca de um profissional comprometido para ocupar a posi\u00e7\u00e3o de Auxiliar de Servi\u00e7os Gerais. A (o) profissional ficar\u00e1 respons\u00e1vel, principalmente, pela limpeza, organiza\u00e7\u00e3o e manuten\u00e7\u00e3o dos ambientes do local. Local de trabalho: Ipanema, Rio de Janeiro Dias\/Hor\u00e1rios: Segunda-feira \u00e0 sexta-feira 11:00\/20:00; S\u00e1bados alternados 08:00\/14:00 O que voc\u00ea precisa: Ensino Fundamental completo; Experi\u00eancia anterior [&hellip;]<\/p>\n","protected":false},"author":1,"featured_media":0,"comment_status":"open","ping_status":"open","sticky":false,"template":"","format":"standard","meta":{"footnotes":""},"categories":[21],"tags":[],"class_list":["post-5049","post","type-post","status-publish","format-standard","hentry","category-rio-de-janeiro-rj"],"_links":{"self":[{"href":"https:\/\/vagas.portalemprego.com.br\/index.php?rest_route=\/wp\/v2\/posts\/5049","targetHints":{"allow":["GET"]}}],"collection":[{"href":"https:\/\/vagas.portalemprego.com.br\/index.php?rest_route=\/wp\/v2\/posts"}],"about":[{"href":"https:\/\/vagas.portalemprego.com.br\/index.php?rest_route=\/wp\/v2\/types\/post"}],"author":[{"embeddable":true,"href":"https:\/\/vagas.portalemprego.com.br\/index.php?rest_route=\/wp\/v2\/users\/1"}],"replies":[{"embeddable":true,"href":"https:\/\/vagas.portalemprego.com.br\/index.php?rest_route=%2Fwp%2Fv2%2Fcomments&post=5049"}],"version-history":[{"count":0,"href":"https:\/\/vagas.portalemprego.com.br\/index.php?rest_route=\/wp\/v2\/posts\/5049\/revisions"}],"wp:attachment":[{"href":"https:\/\/vagas.portalemprego.com.br\/index.php?rest_route=%2Fwp%2Fv2%2Fmedia&parent=5049"}],"wp:term":[{"taxonomy":"category","embeddable":true,"href":"https:\/\/vagas.portalemprego.com.br\/index.php?rest_route=%2Fwp%2Fv2%2Fcategories&post=5049"},{"taxonomy":"post_tag","embeddable":true,"href":"https:\/\/vagas.portalemprego.com.br\/index.php?rest_route=%2Fwp%2Fv2%2Ftags&post=5049"}],"curies":[{"name":"wp","href":"https:\/\/api.w.org\/{rel}","templated":true}]}}