{"id":5051,"date":"2026-04-29T06:21:21","date_gmt":"2026-04-29T09:21:21","guid":{"rendered":"https:\/\/vagas.portalemprego.com.br\/?p=5051"},"modified":"2026-04-29T06:21:21","modified_gmt":"2026-04-29T09:21:21","slug":"vendedor-loja-claro-baixada-fluminense-comercial-vendas-rio-de-janeiro","status":"publish","type":"post","link":"https:\/\/vagas.portalemprego.com.br\/?p=5051","title":{"rendered":"Vendedor Loja Claro &#8211; Baixada Fluminense &#8211; Comercial, Vendas &#8211; Rio de Janeiro"},"content":{"rendered":"<p>Venha transformar conex\u00f5es em oportunidades!<br \/>\n Voc\u00ea ama tecnologia, se comunica bem e acredita no poder de uma boa conversa? J\u00e1 pensou em fazer parte de uma equipe que conecta pessoas todos os dias com solu\u00e7\u00f5es que fazem a diferen\u00e7a?<br \/>\n A Ponto Certo, revenda autorizada da Claro com atua\u00e7\u00e3o no Rio e Grande Rio, est\u00e1 em busca de pessoas com brilho nos olhos, energia nas ideias e paix\u00e3o por vendas para integrar nosso time como Consultor(a) de Vendas. <\/p>\n<p>O QUE VOC\u00ca VAI FAZER:<br \/>\nConquistar novos clientes com empatia e escuta ativa, entendendo suas necessidades de verdade;<br \/>\nApresentar de forma clara e envolvente os produtos e servi\u00e7os Claro, destacando os diferenciais que fazem sentido para cada perfil;<br \/>\nRealizar prospec\u00e7\u00e3o, mapeamento de oportunidades e follow-ups com foco em resultado;<br \/>\nElaborar propostas personalizadas e negociar com seguran\u00e7a e transpar\u00eancia;<br \/>\nTrabalhar lado a lado com os colegas de time e outras \u00e1reas para alcan\u00e7ar metas e superar desafios.<br \/>\nO QUE ESPERAMOS DE VOC\u00ca:<br \/>\nEnsino M\u00e9dio completo;<br \/>\nExperi\u00eancia com vendas (varejo, telefonia ou \u00e1reas afins ser\u00e1 um diferencial!);<br \/>\nFacilidade com tecnologia, redes sociais e dispositivos digitais;<br \/>\nBoa comunica\u00e7\u00e3o, persuas\u00e3o e gosto por metas;<br \/>\nEsp\u00edrito colaborativo, foco no cliente e vontade de crescer com a gente.<br \/>\nCONHECIMENTOS QUE AJUDAM:<br \/>\nT\u00e9cnicas de vendas e negocia\u00e7\u00e3o;<br \/>\nPacote Office b\u00e1sico (Word, Excel, PowerPoint);<br \/>\nMatem\u00e1tica b\u00e1sica para controle e propostas. <\/p>\n<p>O QUE VOC\u00ca ENCONTRA AQUI:<br \/>\nUm ambiente leve, com pessoas que colaboram de verdade;<br \/>\nIncentivo ao desenvolvimento e plano de crescimento;<br \/>\nProdutos e servi\u00e7os l\u00edderes no mercado para voc\u00ea vender com confian\u00e7a!<\/p>\n<ul>\n<li>N\u00famero de vagas: 5<\/li>\n<li>Local de trabalho: Rio de Janeiro, RJ<\/li>\n<li>Regime de contrata\u00e7\u00e3o de tipo: Efetivo \u2013 CLT<\/li>\n<li>Jornada: Per\u00edodo Integral<\/li>\n<li>\u00c1rea e especializa\u00e7\u00e3o profissional: Comercial, Vendas &#8211; Lojas \/ Shopping<\/li>\n<li>N\u00edvel hier\u00e1rquico: Operacional<\/li>\n<\/ul>\n<p>VALORIZADO<\/p>\n<p>Tempo de experi\u00eancia: Entre 1 e 3 anos<\/p>\n<p>HABILIDADES<\/p>\n<ul>\n<li>Habilidade em ferramentas de gest\u00e3o (Excel, sistemas)<\/li>\n<li>Comunica\u00e7\u00e3o clara e assertiva<\/li>\n<li>Atendimento ao cliente com excel\u00eancia<\/li>\n<li>Organiza\u00e7\u00e3o e foco em resultados<\/li>\n<\/ul>\n<p>Escolaridade M\u00ednima: Ensino M\u00e9dio (2\u00ba Grau)<\/p>\n<ul>\n<li>Vale-transporte<\/li>\n<li>Vale-alimenta\u00e7\u00e3o<\/li>\n<li>Seguro de Vida<\/li>\n<li>Plano odontol\u00f3gico<\/li>\n<li>Plano de sa\u00fade<\/li>\n<\/ul>\n<p>Sal\u00e1rio: 4500,0<\/p>\n","protected":false},"excerpt":{"rendered":"<p>Venha transformar conex\u00f5es em oportunidades! Voc\u00ea ama tecnologia, se comunica bem e acredita no poder de uma boa conversa? J\u00e1 pensou em fazer parte de uma equipe que conecta pessoas todos os dias com solu\u00e7\u00f5es que fazem a diferen\u00e7a? A Ponto Certo, revenda autorizada da Claro com atua\u00e7\u00e3o no Rio e Grande Rio, est\u00e1 em [&hellip;]<\/p>\n","protected":false},"author":1,"featured_media":0,"comment_status":"open","ping_status":"open","sticky":false,"template":"","format":"standard","meta":{"footnotes":""},"categories":[21],"tags":[],"class_list":["post-5051","post","type-post","status-publish","format-standard","hentry","category-rio-de-janeiro-rj"],"_links":{"self":[{"href":"https:\/\/vagas.portalemprego.com.br\/index.php?rest_route=\/wp\/v2\/posts\/5051","targetHints":{"allow":["GET"]}}],"collection":[{"href":"https:\/\/vagas.portalemprego.com.br\/index.php?rest_route=\/wp\/v2\/posts"}],"about":[{"href":"https:\/\/vagas.portalemprego.com.br\/index.php?rest_route=\/wp\/v2\/types\/post"}],"author":[{"embeddable":true,"href":"https:\/\/vagas.portalemprego.com.br\/index.php?rest_route=\/wp\/v2\/users\/1"}],"replies":[{"embeddable":true,"href":"https:\/\/vagas.portalemprego.com.br\/index.php?rest_route=%2Fwp%2Fv2%2Fcomments&post=5051"}],"version-history":[{"count":0,"href":"https:\/\/vagas.portalemprego.com.br\/index.php?rest_route=\/wp\/v2\/posts\/5051\/revisions"}],"wp:attachment":[{"href":"https:\/\/vagas.portalemprego.com.br\/index.php?rest_route=%2Fwp%2Fv2%2Fmedia&parent=5051"}],"wp:term":[{"taxonomy":"category","embeddable":true,"href":"https:\/\/vagas.portalemprego.com.br\/index.php?rest_route=%2Fwp%2Fv2%2Fcategories&post=5051"},{"taxonomy":"post_tag","embeddable":true,"href":"https:\/\/vagas.portalemprego.com.br\/index.php?rest_route=%2Fwp%2Fv2%2Ftags&post=5051"}],"curies":[{"name":"wp","href":"https:\/\/api.w.org\/{rel}","templated":true}]}}