{"id":5053,"date":"2026-04-29T06:21:21","date_gmt":"2026-04-29T09:21:21","guid":{"rendered":"https:\/\/vagas.portalemprego.com.br\/?p=5053"},"modified":"2026-04-29T06:21:21","modified_gmt":"2026-04-29T09:21:21","slug":"auxiliar-de-higienizacao-servicos-gerais-macae","status":"publish","type":"post","link":"https:\/\/vagas.portalemprego.com.br\/?p=5053","title":{"rendered":"Auxiliar de Higieniza\u00e7\u00e3o &#8211; Servi\u00e7os Gerais &#8211; Maca\u00e9"},"content":{"rendered":"<p>Efetuar limpeza seguindo normas e orienta\u00e7\u00f5es sanit\u00e1rias a fim de evitar risco de contamina\u00e7\u00e3o hospitalar em ambientes, estruturas e m\u00f3veis do hospital incluindo cozinha industrial e sua estrutura. <\/p>\n<p>Atividades:<br \/>\n&#8211; Realizar a limpeza das superf\u00edcies conforme manuais e legisla\u00e7\u00f5es vigentes<br \/>\n&#8211; Efetuar a separa\u00e7\u00e3o de res\u00edduos comum e infectante<br \/>\n&#8211; Recolher e acondicionar todo lixo hospitalar em embalagens e recipientes apropriados e encaminhar para o dep\u00f3sito de lixo hospitalar<br \/>\n&#8211; Efetuar limpeza e higieniza\u00e7\u00e3o seguindo normas e orienta\u00e7\u00f5es sanit\u00e1rias a fim de evitar risco de contamina\u00e7\u00e3o hospitalar em ambientes, respeitando a especificidade de cada setor<br \/>\n&#8211; Efetuar a reposi\u00e7\u00e3o de pap\u00e9is toalha, pap\u00e9is higi\u00eanicos e sabonetes<br \/>\n &#8211; Receber, conferir, controlar os insumos (saneantes) utilizados no processo de higieniza\u00e7\u00e3o.<br \/>\n&#8211; Realizar o processo de Jardinagem, Higiene e limpeza das \u00e1reas externas (jardins, cal\u00e7adas, port\u00f5es, vidra\u00e7as, etc.)<br \/>\n&#8211; Recolher rouparia nos leitos e centro cir\u00fargico, efetuar a troca dos enxovais que estiverem usados e sem condi\u00e7\u00f5es de uso e encaminhar para o expurgo <\/p>\n<p>Requisitos:<br \/>\n&#8211; Ensino Fundamental Completo<br \/>\n&#8211; Desej\u00e1vel experi\u00eancia na \u00e1rea hospitalar;<br \/>\n&#8211; Disponibilidade para escala diarista; <\/p>\n<p>As oportunidades da Unimed Costa do Sol tamb\u00e9m s\u00e3o estendidas para Pessoas com Defici\u00eancia (PCD\u2019s).<\/p>\n<ul>\n<li>Local de trabalho: Maca\u00e9, RJ<\/li>\n<li>Regime de contrata\u00e7\u00e3o de tipo: Efetivo \u2013 CLT<\/li>\n<li>Jornada: Per\u00edodo Integral<\/li>\n<li>\u00c1rea e especializa\u00e7\u00e3o profissional: Servi\u00e7os Gerais &#8211; Higieniza\u00e7\u00e3o \/ Estereliza\u00e7\u00e3o<\/li>\n<li>N\u00edvel hier\u00e1rquico: Auxiliar<\/li>\n<\/ul>\n<p>Escolaridade M\u00ednima: Ensino Fundamental (1\u00ba grau)<\/p>\n<ul>\n<li>Vale alimenta\u00e7\u00e3o ou refei\u00e7\u00e3o<\/li>\n<li>Day Off Anivers\u00e1rio<\/li>\n<li>Vale Transporte<\/li>\n<li>Aux\u00edlio Educa\u00e7\u00e3o<\/li>\n<li>Plano de Sa\u00fade<\/li>\n<li>Wellhub<\/li>\n<li>Programa de Apoio ao Empregado<\/li>\n<\/ul>\n","protected":false},"excerpt":{"rendered":"<p>Efetuar limpeza seguindo normas e orienta\u00e7\u00f5es sanit\u00e1rias a fim de evitar risco de contamina\u00e7\u00e3o hospitalar em ambientes, estruturas e m\u00f3veis do hospital incluindo cozinha industrial e sua estrutura. Atividades: &#8211; Realizar a limpeza das superf\u00edcies conforme manuais e legisla\u00e7\u00f5es vigentes &#8211; Efetuar a separa\u00e7\u00e3o de res\u00edduos comum e infectante &#8211; Recolher e acondicionar todo lixo [&hellip;]<\/p>\n","protected":false},"author":1,"featured_media":0,"comment_status":"open","ping_status":"open","sticky":false,"template":"","format":"standard","meta":{"footnotes":""},"categories":[21],"tags":[],"class_list":["post-5053","post","type-post","status-publish","format-standard","hentry","category-rio-de-janeiro-rj"],"_links":{"self":[{"href":"https:\/\/vagas.portalemprego.com.br\/index.php?rest_route=\/wp\/v2\/posts\/5053","targetHints":{"allow":["GET"]}}],"collection":[{"href":"https:\/\/vagas.portalemprego.com.br\/index.php?rest_route=\/wp\/v2\/posts"}],"about":[{"href":"https:\/\/vagas.portalemprego.com.br\/index.php?rest_route=\/wp\/v2\/types\/post"}],"author":[{"embeddable":true,"href":"https:\/\/vagas.portalemprego.com.br\/index.php?rest_route=\/wp\/v2\/users\/1"}],"replies":[{"embeddable":true,"href":"https:\/\/vagas.portalemprego.com.br\/index.php?rest_route=%2Fwp%2Fv2%2Fcomments&post=5053"}],"version-history":[{"count":0,"href":"https:\/\/vagas.portalemprego.com.br\/index.php?rest_route=\/wp\/v2\/posts\/5053\/revisions"}],"wp:attachment":[{"href":"https:\/\/vagas.portalemprego.com.br\/index.php?rest_route=%2Fwp%2Fv2%2Fmedia&parent=5053"}],"wp:term":[{"taxonomy":"category","embeddable":true,"href":"https:\/\/vagas.portalemprego.com.br\/index.php?rest_route=%2Fwp%2Fv2%2Fcategories&post=5053"},{"taxonomy":"post_tag","embeddable":true,"href":"https:\/\/vagas.portalemprego.com.br\/index.php?rest_route=%2Fwp%2Fv2%2Ftags&post=5053"}],"curies":[{"name":"wp","href":"https:\/\/api.w.org\/{rel}","templated":true}]}}