{"id":5054,"date":"2026-04-29T06:21:21","date_gmt":"2026-04-29T09:21:21","guid":{"rendered":"https:\/\/vagas.portalemprego.com.br\/?p=5054"},"modified":"2026-04-29T06:21:21","modified_gmt":"2026-04-29T09:21:21","slug":"gerente-de-vendas-administracao-rio-de-janeiro","status":"publish","type":"post","link":"https:\/\/vagas.portalemprego.com.br\/?p=5054","title":{"rendered":"Gerente de Vendas &#8211; Administra\u00e7\u00e3o &#8211; Rio de Janeiro"},"content":{"rendered":"<p>Responsabilidades e atribui\u00e7\u00f5es:<br \/>\nVoc\u00ea atuar\u00e1 na \u00e1rea Comercial como Gerente de loja, sendo respons\u00e1vel por realizar a gest\u00e3o de pessoas no dia-a-dia, selecionando, treinando e desenvolvendo a equipe constantemente. Al\u00e9m de fazer a gest\u00e3o administrativa do ponto de vendas, mantendo a estrutura e controlando as despesas. Algumas das suas atividades s\u00e3o:<\/p>\n<p>Apoiar em reuni\u00f5es peri\u00f3dicas de equipe;<br \/>\nApoiar no desenvolvimento de m\u00eddias;<br \/>\nApoiar na negocia\u00e7\u00e3o de vendas com clientes;<br \/>\nParticipar da an\u00e1lise de produtividade da equipe de vendas;<br \/>\nParticipar de treinamentos para aperfei\u00e7oamento da equipe de vendas;<br \/>\nOrganizar e promover a rotina di\u00e1ria da equipe de vendas;<br \/>\nCoordenar e acompanhar o fluxo dos contratos. Requisitos e qualifica\u00e7\u00f5es:<\/p>\n<p>Superior completo;<br \/>\nPacote office;<br \/>\nExperi\u00eancia como l\u00edder comercial;<br \/>\nHabilidade de relacionamento e engajamento de pessoas;<br \/>\nHabilidade para an\u00e1lises de mercado;<br \/>\nCapacidade de influ\u00eancia;<br \/>\nDisciplina;<br \/>\nOrganiza\u00e7\u00e3o.<\/p>\n<ul>\n<li>Local de trabalho: Rio de Janeiro, RJ<\/li>\n<li>Regime de contrata\u00e7\u00e3o de tipo: Outros<\/li>\n<li>Jornada: Per\u00edodo Integral<\/li>\n<li>\u00c1rea e especializa\u00e7\u00e3o profissional: Administra\u00e7\u00e3o &#8211; Administra\u00e7\u00e3o Geral<\/li>\n<li>N\u00edvel hier\u00e1rquico: Gerente<\/li>\n<\/ul>\n<p>VALORIZADO<\/p>\n<p>Tempo de experi\u00eancia: Menos de 1 ano<\/p>\n<p>Escolaridade M\u00ednima: Ensino Fundamental (1\u00ba grau)<\/p>\n<p>Forma\u00e7\u00e3o desejada:<\/p>\n<ul>\n<li>, Ensino Fundamental (1\u00ba grau)<\/li>\n<\/ul>\n<ul>\n<li>Assist\u00eancia Odontol\u00f3gica<\/li>\n<li>T\u00edquete Refei\u00e7\u00e3o<\/li>\n<li>T\u00edquete Alimenta\u00e7\u00e3o<\/li>\n<li>Participa\u00e7\u00e3o nos lucros<\/li>\n<li>Vale Transporte<\/li>\n<li>Assist\u00eancia M\u00e9dica \/ Medicina em grupo<\/li>\n<\/ul>\n","protected":false},"excerpt":{"rendered":"<p>Responsabilidades e atribui\u00e7\u00f5es: Voc\u00ea atuar\u00e1 na \u00e1rea Comercial como Gerente de loja, sendo respons\u00e1vel por realizar a gest\u00e3o de pessoas no dia-a-dia, selecionando, treinando e desenvolvendo a equipe constantemente. Al\u00e9m de fazer a gest\u00e3o administrativa do ponto de vendas, mantendo a estrutura e controlando as despesas. Algumas das suas atividades s\u00e3o: Apoiar em reuni\u00f5es peri\u00f3dicas [&hellip;]<\/p>\n","protected":false},"author":1,"featured_media":0,"comment_status":"open","ping_status":"open","sticky":false,"template":"","format":"standard","meta":{"footnotes":""},"categories":[21],"tags":[],"class_list":["post-5054","post","type-post","status-publish","format-standard","hentry","category-rio-de-janeiro-rj"],"_links":{"self":[{"href":"https:\/\/vagas.portalemprego.com.br\/index.php?rest_route=\/wp\/v2\/posts\/5054","targetHints":{"allow":["GET"]}}],"collection":[{"href":"https:\/\/vagas.portalemprego.com.br\/index.php?rest_route=\/wp\/v2\/posts"}],"about":[{"href":"https:\/\/vagas.portalemprego.com.br\/index.php?rest_route=\/wp\/v2\/types\/post"}],"author":[{"embeddable":true,"href":"https:\/\/vagas.portalemprego.com.br\/index.php?rest_route=\/wp\/v2\/users\/1"}],"replies":[{"embeddable":true,"href":"https:\/\/vagas.portalemprego.com.br\/index.php?rest_route=%2Fwp%2Fv2%2Fcomments&post=5054"}],"version-history":[{"count":0,"href":"https:\/\/vagas.portalemprego.com.br\/index.php?rest_route=\/wp\/v2\/posts\/5054\/revisions"}],"wp:attachment":[{"href":"https:\/\/vagas.portalemprego.com.br\/index.php?rest_route=%2Fwp%2Fv2%2Fmedia&parent=5054"}],"wp:term":[{"taxonomy":"category","embeddable":true,"href":"https:\/\/vagas.portalemprego.com.br\/index.php?rest_route=%2Fwp%2Fv2%2Fcategories&post=5054"},{"taxonomy":"post_tag","embeddable":true,"href":"https:\/\/vagas.portalemprego.com.br\/index.php?rest_route=%2Fwp%2Fv2%2Ftags&post=5054"}],"curies":[{"name":"wp","href":"https:\/\/api.w.org\/{rel}","templated":true}]}}