{"id":5059,"date":"2026-04-29T06:21:21","date_gmt":"2026-04-29T09:21:21","guid":{"rendered":"https:\/\/vagas.portalemprego.com.br\/?p=5059"},"modified":"2026-04-29T06:21:21","modified_gmt":"2026-04-29T09:21:21","slug":"analista-de-marketing-junior-marketing-rio-de-janeiro-2","status":"publish","type":"post","link":"https:\/\/vagas.portalemprego.com.br\/?p=5059","title":{"rendered":"Analista de Marketing Junior &#8211; Marketing &#8211; Rio de Janeiro"},"content":{"rendered":"<p>Principais Responsabilidades<br \/>\nGest\u00e3o de Marca<br \/>\n Respons\u00e1vel pela comunica\u00e7\u00e3o digital da empresa.<br \/>\n Garantir consist\u00eancia de linguagem, identidade visual e prop\u00f3sito em todas as publica\u00e7\u00f5es e canais digitais.<br \/>\nCria\u00e7\u00e3o e Conte\u00fado<br \/>\n Realizar curadoria de refer\u00eancias, tend\u00eancias e benchmarks de mercado.<br \/>\n Criar moodboards para direcionamento de campanhas e produ\u00e7\u00f5es visuais.<br \/>\n Apoiar o desenvolvimento de materiais online e offline em conjunto com a \u00e1rea de Cria\u00e7\u00e3o.<br \/>\n Elaborar relat\u00f3rios mensais de desempenho das marcas e das redes sociais.<br \/>\nProdu\u00e7\u00e3o e Acompanhamento<br \/>\n Organizar e acompanhar produ\u00e7\u00f5es de fotos institucionais e card\u00e1pios, assegurando qualidade e alinhamento visual.<br \/>\n Gerenciar demandas de cria\u00e7\u00e3o da marca.<br \/>\n Atuar na gest\u00e3o de influenciadores, incluindo prospec\u00e7\u00e3o, negocia\u00e7\u00e3o, acompanhamento de entregas e an\u00e1lise de resultados.<br \/>\n Elaborar relat\u00f3rios mensais de desempenho de influenciadores.<br \/>\nGest\u00e3o de Plataformas<br \/>\n Atualizar e manter o Google My Business, realizando ajustes, verifica\u00e7\u00f5es e revis\u00f5es de informa\u00e7\u00f5es.<br \/>\n Utilizar ferramentas de social media e gest\u00e3o de influenciadores, como Deskfy, Tagger, Monday, Postgrain, al\u00e9m das plataformas Pinterest, Instagram e TikTok.<br \/>\nPerfil Desejado<br \/>\n Perfil proativo, organizado e orientado a prazos.<br \/>\n Interesse genu\u00edno por redes sociais, marketing digital e cultura digital.<br \/>\n Boa comunica\u00e7\u00e3o escrita e visual.<br \/>\n Capacidade de gerenciar m\u00faltiplas demandas simultaneamente.<br \/>\nRequisitos<br \/>\n Forma\u00e7\u00e3o em Comunica\u00e7\u00e3o, Publicidade, Marketing ou \u00e1reas correlatas.<\/p>\n<ul>\n<li>N\u00famero de vagas: 3<\/li>\n<li>Local de trabalho: Rio de Janeiro, RJ<\/li>\n<li>Regime de contrata\u00e7\u00e3o de tipo: Efetivo \u2013 CLT<\/li>\n<li>Jornada: Per\u00edodo Integral<\/li>\n<li>\u00c1rea e especializa\u00e7\u00e3o profissional: Marketing &#8211; Marketing<\/li>\n<li>N\u00edvel hier\u00e1rquico: Analista<\/li>\n<\/ul>\n<p>VALORIZADO<\/p>\n<p>Tempo de experi\u00eancia: Entre 1 e 3 anos<\/p>\n<p>HABILIDADES<\/p>\n<ul>\n<li>Adaptabilidade<\/li>\n<li>Trabalho em equipe<\/li>\n<li>An\u00e1lise de resultados<\/li>\n<li>Gest\u00e3o do tempo<\/li>\n<li>Aten\u00e7\u00e3o aos detalhes<\/li>\n<li>Criatividade<\/li>\n<li>Planejamento<\/li>\n<li>Proatividade<\/li>\n<li>Organiza\u00e7\u00e3o<\/li>\n<li>Comunica\u00e7\u00e3o<\/li>\n<\/ul>\n<p>Escolaridade M\u00ednima: Ensino Superior<\/p>\n<p>Forma\u00e7\u00e3o desejada:<\/p>\n<ul>\n<li>Publicidade e propaganda, Ensino Superior<\/li>\n<li>Comunica\u00e7\u00e3o audiovisual, Ensino Superior<\/li>\n<li>Marketing, Ensino Superior<\/li>\n<\/ul>\n<p>Sal\u00e1rio: 3000,0<\/p>\n","protected":false},"excerpt":{"rendered":"<p>Principais Responsabilidades Gest\u00e3o de Marca Respons\u00e1vel pela comunica\u00e7\u00e3o digital da empresa. Garantir consist\u00eancia de linguagem, identidade visual e prop\u00f3sito em todas as publica\u00e7\u00f5es e canais digitais. Cria\u00e7\u00e3o e Conte\u00fado Realizar curadoria de refer\u00eancias, tend\u00eancias e benchmarks de mercado. Criar moodboards para direcionamento de campanhas e produ\u00e7\u00f5es visuais. Apoiar o desenvolvimento de materiais online e offline [&hellip;]<\/p>\n","protected":false},"author":1,"featured_media":0,"comment_status":"open","ping_status":"open","sticky":false,"template":"","format":"standard","meta":{"footnotes":""},"categories":[21],"tags":[],"class_list":["post-5059","post","type-post","status-publish","format-standard","hentry","category-rio-de-janeiro-rj"],"_links":{"self":[{"href":"https:\/\/vagas.portalemprego.com.br\/index.php?rest_route=\/wp\/v2\/posts\/5059","targetHints":{"allow":["GET"]}}],"collection":[{"href":"https:\/\/vagas.portalemprego.com.br\/index.php?rest_route=\/wp\/v2\/posts"}],"about":[{"href":"https:\/\/vagas.portalemprego.com.br\/index.php?rest_route=\/wp\/v2\/types\/post"}],"author":[{"embeddable":true,"href":"https:\/\/vagas.portalemprego.com.br\/index.php?rest_route=\/wp\/v2\/users\/1"}],"replies":[{"embeddable":true,"href":"https:\/\/vagas.portalemprego.com.br\/index.php?rest_route=%2Fwp%2Fv2%2Fcomments&post=5059"}],"version-history":[{"count":0,"href":"https:\/\/vagas.portalemprego.com.br\/index.php?rest_route=\/wp\/v2\/posts\/5059\/revisions"}],"wp:attachment":[{"href":"https:\/\/vagas.portalemprego.com.br\/index.php?rest_route=%2Fwp%2Fv2%2Fmedia&parent=5059"}],"wp:term":[{"taxonomy":"category","embeddable":true,"href":"https:\/\/vagas.portalemprego.com.br\/index.php?rest_route=%2Fwp%2Fv2%2Fcategories&post=5059"},{"taxonomy":"post_tag","embeddable":true,"href":"https:\/\/vagas.portalemprego.com.br\/index.php?rest_route=%2Fwp%2Fv2%2Ftags&post=5059"}],"curies":[{"name":"wp","href":"https:\/\/api.w.org\/{rel}","templated":true}]}}