{"id":5060,"date":"2026-04-29T06:22:22","date_gmt":"2026-04-29T09:22:22","guid":{"rendered":"https:\/\/vagas.portalemprego.com.br\/?p=5060"},"modified":"2026-04-29T06:22:22","modified_gmt":"2026-04-29T09:22:22","slug":"analista-de-inteligencia-comercial-e-de-mercado-administracao-rio-de-janeiro","status":"publish","type":"post","link":"https:\/\/vagas.portalemprego.com.br\/?p=5060","title":{"rendered":"Analista de Intelig\u00eancia Comercial e de Mercado &#8211; Administra\u00e7\u00e3o &#8211; Rio de Janeiro"},"content":{"rendered":"<p>Somos uma empresa do ramo de pescados e frutos do mar com uma hist\u00f3ria de mais de 80 anos, sendo reconhecida no mercado nacional e internacional.<br \/>\nSomos um time de mais de 1.000 colaboradores, levando o melhor em pescados para mesas de todo o mundo.<br \/>\nVenha fazer parte do nosso Cardume!<br \/>\nRESPONSABILIDADES E ATRIBUI\u00c7\u00d5ES<\/p>\n<p>Gera\u00e7\u00e3o de relat\u00f3rios de apoio a equipe comercial;\u00a0<br \/>\nAtendimento as demandas do comercial relacionadas ao atingimento de metas;\u00a0<br \/>\nDesenvolvimento de dashboards;\u00a0<br \/>\nApura\u00e7\u00e3o e defini\u00e7\u00e3o mensal de metas;\u00a0<br \/>\nDesenvolvimento das an\u00e1lises de vendas;\u00a0<br \/>\nElaborar, executar e acompanhar planos de a\u00e7\u00e3o;\u00a0<br \/>\nAutomatiza\u00e7\u00e3o dos processos da \u00e1rea.\u00a0<\/p>\n<p>REQUISITOS E QUALIFICA\u00c7\u00d5ES<\/p>\n<p>Superior Completo em exatas (Administra\u00e7\u00e3o, Economia, Engenharia ou similar);\u00a0<br \/>\nExcel Avan\u00e7ado (ser\u00e1 testado), desej\u00e1vel conhecimento em VBA;\u00a0<br \/>\nDesej\u00e1vel conhecimento em ferramentas de BI (Power BI, Tableau ou similar);\u00a0<br \/>\nExperi\u00eancia com an\u00e1lise de dados para tomadas de decis\u00e3o e gera\u00e7\u00e3o de insights acion\u00e1veis.\u00a0<\/p>\n<p>A Frescatto valoriza e fomenta a diversidade, abrindo oportunidades para todos com igualdade.<\/p>\n<p>PACOTE DE REMUNERA\u00c7\u00c3O &amp; BENEFICIOS<\/p>\n<p>\u2022 Hor\u00e1rio de trabalho das 08:12 \u00e0s 18:00;<br \/>\n\u2022 Atua\u00e7\u00e3o 100% Presencial \/ Barra da Tijuca (4x semana) \/ Duque de Caxias (1x semana);<br \/>\n\u2022 Aux. Combust\u00edvel;<br \/>\n\u2022 Vale-transporte;<br \/>\n\u2022 Restaurante no local;<br \/>\n\u2022 Plano de Sa\u00fade 100% custeado pela empresa (ap\u00f3s 3 meses);<br \/>\n\u2022 Assist\u00eancia Odontol\u00f3gica;<br \/>\n\u2022 Seguro de vida ;<br \/>\n\u2022 B\u00f4nus anual atrelado ao desempenho;<br \/>\n\u2022 Descontos em Institui\u00e7\u00f5es de Ensino e Idiomas;<br \/>\n\u2022 Descontos e promo\u00e7\u00f5es em nossos produtos;<br \/>\n\u2022 Empr\u00e9stimo consignado;<br \/>\n\u2022 Day Off (folga no anivers\u00e1rio).<\/p>\n<ul>\n<li>Local de trabalho: Rio de Janeiro, RJ<\/li>\n<li>Regime de contrata\u00e7\u00e3o de tipo: Efetivo \u2013 CLT<\/li>\n<li>Jornada: Per\u00edodo Integral<\/li>\n<li>\u00c1rea e especializa\u00e7\u00e3o profissional: Administra\u00e7\u00e3o &#8211; Administra\u00e7\u00e3o Geral<\/li>\n<li>N\u00edvel hier\u00e1rquico: Analista<\/li>\n<\/ul>\n<p>VALORIZADO<\/p>\n<p>Tempo de experi\u00eancia: Entre 3 e 5 anos<\/p>\n<p>Escolaridade M\u00ednima: Ensino Superior<\/p>\n","protected":false},"excerpt":{"rendered":"<p>Somos uma empresa do ramo de pescados e frutos do mar com uma hist\u00f3ria de mais de 80 anos, sendo reconhecida no mercado nacional e internacional. Somos um time de mais de 1.000 colaboradores, levando o melhor em pescados para mesas de todo o mundo. Venha fazer parte do nosso Cardume! RESPONSABILIDADES E ATRIBUI\u00c7\u00d5ES Gera\u00e7\u00e3o [&hellip;]<\/p>\n","protected":false},"author":1,"featured_media":0,"comment_status":"open","ping_status":"open","sticky":false,"template":"","format":"standard","meta":{"footnotes":""},"categories":[21],"tags":[],"class_list":["post-5060","post","type-post","status-publish","format-standard","hentry","category-rio-de-janeiro-rj"],"_links":{"self":[{"href":"https:\/\/vagas.portalemprego.com.br\/index.php?rest_route=\/wp\/v2\/posts\/5060","targetHints":{"allow":["GET"]}}],"collection":[{"href":"https:\/\/vagas.portalemprego.com.br\/index.php?rest_route=\/wp\/v2\/posts"}],"about":[{"href":"https:\/\/vagas.portalemprego.com.br\/index.php?rest_route=\/wp\/v2\/types\/post"}],"author":[{"embeddable":true,"href":"https:\/\/vagas.portalemprego.com.br\/index.php?rest_route=\/wp\/v2\/users\/1"}],"replies":[{"embeddable":true,"href":"https:\/\/vagas.portalemprego.com.br\/index.php?rest_route=%2Fwp%2Fv2%2Fcomments&post=5060"}],"version-history":[{"count":0,"href":"https:\/\/vagas.portalemprego.com.br\/index.php?rest_route=\/wp\/v2\/posts\/5060\/revisions"}],"wp:attachment":[{"href":"https:\/\/vagas.portalemprego.com.br\/index.php?rest_route=%2Fwp%2Fv2%2Fmedia&parent=5060"}],"wp:term":[{"taxonomy":"category","embeddable":true,"href":"https:\/\/vagas.portalemprego.com.br\/index.php?rest_route=%2Fwp%2Fv2%2Fcategories&post=5060"},{"taxonomy":"post_tag","embeddable":true,"href":"https:\/\/vagas.portalemprego.com.br\/index.php?rest_route=%2Fwp%2Fv2%2Ftags&post=5060"}],"curies":[{"name":"wp","href":"https:\/\/api.w.org\/{rel}","templated":true}]}}